{"id":18514,"date":"2017-11-14T19:18:10","date_gmt":"2017-11-15T00:18:10","guid":{"rendered":"http:\/\/elinformanteperu.com\/?p=18514"},"modified":"2017-11-14T19:18:10","modified_gmt":"2017-11-15T00:18:10","slug":"inician-trabajos-de-limpieza-y-encauzamiento-del-rio-rimac-en-chosica-y-chaclacayo","status":"publish","type":"post","link":"https:\/\/elinformanteperu.com\/index.php\/2017\/11\/14\/inician-trabajos-de-limpieza-y-encauzamiento-del-rio-rimac-en-chosica-y-chaclacayo\/","title":{"rendered":"Inician trabajos de limpieza y encauzamiento del r\u00edo R\u00edmac en Chosica y Chaclacayo"},"content":{"rendered":"<p><strong><span style=\"color: #000000;\">Viceministro de Vivienda, Jorge Ar\u00e9valo, inspecciona las labores que se ejecutar\u00e1n en Carapongo y desde \u00d1a\u00f1a hasta el puente Los \u00c1ngeles<\/span><\/strong><\/p>\n<p><span style=\"color: #000000;\"><strong>Lima, 14 Noviembre 2017, (ANDINA).-<\/strong> Con el objetivo de reforzar la labor de prevenci\u00f3n ante la llegada de lluvias, el Ministerio de Vivienda inici\u00f3 los trabajos de limpieza, descolmataci\u00f3n y encauzamiento de m\u00e1s de 15 kil\u00f3metros en las dos m\u00e1rgenes del r\u00edo R\u00edmac, en la zona de Carapongo y desde \u00d1a\u00f1a hasta el puente Los \u00c1ngeles, en los distritos de Lurigancho-Chosica y Chaclacayo.<\/span><\/p>\n<p><span style=\"color: #000000;\">El viceministro de Vivienda y Urbanismo, Jorge Ar\u00e9valo &#8211; quien inspeccion\u00f3 diversas zonas afectadas por el desborde del r\u00edo durante el fen\u00f3meno de \u201cEl Ni\u00f1o Costero\u201d junto a los alcaldes de Lurigancho-Chosica, Luis Bueno y de Chaclacayo, Miguel Aponte &#8211; precis\u00f3 que las decenas de maquinarias, como cargadores y volquetes, se instalar\u00e1n principalmente en las zonas cr\u00edticas, a fin de proteger a las familias que viven cerca a las m\u00e1rgenes del r\u00edo.<\/span><\/p>\n<p><span style=\"color: #000000;\">Tras recorrer diversos puntos vulnerables a intervenir como los puentes Los \u00c1ngeles, Caracol, La Perla, Papelera, as\u00ed como a la altura Rayos de Sol y Huampan\u00ed, Ar\u00e9valo indic\u00f3 que tambi\u00e9n se intervendr\u00e1 el tramo entre el puente los \u00c1ngeles y Huarochir\u00ed.<\/span><\/p>\n<p><span style=\"color: #000000;\">Los trabajos de prevenci\u00f3n: limpieza y descolmataci\u00f3n del r\u00edo R\u00edmac se realizan a trav\u00e9s del Programa Nuestras Ciudades del Ministerio de Vivienda.<\/span><\/p>\n<p><img fetchpriority=\"high\" decoding=\"async\" class=\"aligncenter size-full wp-image-18516\" src=\"http:\/\/elinformanteperu.com\/wp-content\/uploads\/2017\/11\/vivienda-limpieza-rimac1.jpg\" alt=\"\" width=\"640\" height=\"427\" srcset=\"https:\/\/elinformanteperu.com\/wp-content\/uploads\/2017\/11\/vivienda-limpieza-rimac1.jpg 640w, https:\/\/elinformanteperu.com\/wp-content\/uploads\/2017\/11\/vivienda-limpieza-rimac1-300x200.jpg 300w, https:\/\/elinformanteperu.com\/wp-content\/uploads\/2017\/11\/vivienda-limpieza-rimac1-128x85.jpg 128w, https:\/\/elinformanteperu.com\/wp-content\/uploads\/2017\/11\/vivienda-limpieza-rimac1-32x21.jpg 32w\" sizes=\"(max-width: 640px) 100vw, 640px\" \/><\/p>\n","protected":false},"excerpt":{"rendered":"<p>Viceministro de Vivienda, Jorge Ar\u00e9valo, inspecciona las labores que se ejecutar\u00e1n en Carapongo y desde \u00d1a\u00f1a hasta el puente Los \u00c1ngeles Lima, 14 Noviembre 2017, (ANDINA).- Con el objetivo de reforzar la labor de prevenci\u00f3n ante la llegada de lluvias, el Ministerio de Vivienda inici\u00f3 los trabajos de limpieza, descolmataci\u00f3n y encauzamiento de m\u00e1s de [&hellip;]<\/p>\n","protected":false},"author":1,"featured_media":18515,"comment_status":"open","ping_status":"open","sticky":false,"template":"","format":"standard","meta":{"rop_custom_images_group":[],"rop_custom_messages_group":[],"rop_publish_now":"initial","rop_publish_now_accounts":[],"rop_publish_now_history":[],"rop_publish_now_status":"pending","footnotes":""},"categories":[10],"tags":[1557],"class_list":["post-18514","post","type-post","status-publish","format-standard","has-post-thumbnail","hentry","category-actualidad-municipal","tag-ministerio-de-vivienda"],"_links":{"self":[{"href":"https:\/\/elinformanteperu.com\/index.php\/wp-json\/wp\/v2\/posts\/18514","targetHints":{"allow":["GET"]}}],"collection":[{"href":"https:\/\/elinformanteperu.com\/index.php\/wp-json\/wp\/v2\/posts"}],"about":[{"href":"https:\/\/elinformanteperu.com\/index.php\/wp-json\/wp\/v2\/types\/post"}],"author":[{"embeddable":true,"href":"https:\/\/elinformanteperu.com\/index.php\/wp-json\/wp\/v2\/users\/1"}],"replies":[{"embeddable":true,"href":"https:\/\/elinformanteperu.com\/index.php\/wp-json\/wp\/v2\/comments?post=18514"}],"version-history":[{"count":1,"href":"https:\/\/elinformanteperu.com\/index.php\/wp-json\/wp\/v2\/posts\/18514\/revisions"}],"predecessor-version":[{"id":18517,"href":"https:\/\/elinformanteperu.com\/index.php\/wp-json\/wp\/v2\/posts\/18514\/revisions\/18517"}],"wp:featuredmedia":[{"embeddable":true,"href":"https:\/\/elinformanteperu.com\/index.php\/wp-json\/wp\/v2\/media\/18515"}],"wp:attachment":[{"href":"https:\/\/elinformanteperu.com\/index.php\/wp-json\/wp\/v2\/media?parent=18514"}],"wp:term":[{"taxonomy":"category","embeddable":true,"href":"https:\/\/elinformanteperu.com\/index.php\/wp-json\/wp\/v2\/categories?post=18514"},{"taxonomy":"post_tag","embeddable":true,"href":"https:\/\/elinformanteperu.com\/index.php\/wp-json\/wp\/v2\/tags?post=18514"}],"curies":[{"name":"wp","href":"https:\/\/api.w.org\/{rel}","templated":true}]}}