{"id":18512,"date":"2017-11-14T01:49:49","date_gmt":"2017-11-14T06:49:49","guid":{"rendered":"http:\/\/elinformanteperu.com\/?p=18512"},"modified":"2017-11-14T01:49:49","modified_gmt":"2017-11-14T06:49:49","slug":"comision-lava-jato-invitara-lo-mas-pronto-posible-a-fiscal-de-la-nacion","status":"publish","type":"post","link":"https:\/\/elinformanteperu.com\/index.php\/2017\/11\/14\/comision-lava-jato-invitara-lo-mas-pronto-posible-a-fiscal-de-la-nacion\/","title":{"rendered":"Comisi\u00f3n Lava Jato invitar\u00e1 \u201clo m\u00e1s pronto posible\u201d a fiscal de la Naci\u00f3n"},"content":{"rendered":"<p><strong><span style=\"color: #000000;\">La presidenta de la Comisi\u00f3n Lava Jato del Congreso, Rosa Bartra, inform\u00f3 que \u201clo m\u00e1s pronto posible\u201d se fijar\u00e1 hora y fecha para la presentaci\u00f3n del fiscal de la Naci\u00f3n.<\/span><\/strong><\/p>\n<p><span style=\"color: #000000;\"><strong>Lima, 13 Noviembre 2017, (ANDINA).-<\/strong> La presidenta de la Comisi\u00f3n Lava Jato del Congreso, Rosa Bartra, inform\u00f3 que \u201clo m\u00e1s pronto posible\u201d se fijar\u00e1 hora y fecha para la presentaci\u00f3n del fiscal de la Naci\u00f3n, Pablo S\u00e1nchez, a dicho grupo investigador, con el fin de informar sobre las declaraciones que recogieron de Marcelo Odebrecht.<\/span><\/p>\n<p><span style=\"color: #000000;\">\u201cEs una citaci\u00f3n pendiente desde el mes de mayo. Hay muchos temas que tienen que compartir con la comisi\u00f3n empezando desde el acuerdo, preacuerdo o convenio que se ha suscrito con la empresa Odebrecht. No sabemos bajo qu\u00e9 sustento legal. Nunca se ha explicado y ha permitido que se tenga mucha desinformaci\u00f3n al respecto\u201d, dijo la legisladora.<\/span><\/p>\n<p><span style=\"color: #000000;\">La parlamentaria agreg\u00f3 que tambi\u00e9n est\u00e1 pendiente conocer el estado de los procesos a las empresas consorciadas con Odebrecht.<\/span><\/p>\n<p><span style=\"color: #000000;\">Bartra explic\u00f3 que la fecha y hora para la pr\u00f3xima presentaci\u00f3n del fiscal de la Naci\u00f3n a la comisi\u00f3n parlamentaria se encuentran en la estaci\u00f3n Orden del D\u00eda.<\/span><\/p>\n<p><span style=\"color: #000000;\">\u201cEn el calendario bien ajustado que tenemos lo vamos a incluir lo m\u00e1s pronto posible. El acuerdo que s\u00ed se ha tomado hoy d\u00eda es que en cuanto el Ministerio P\u00fablico tenga la informaci\u00f3n con respecto al interrogatorio a Marcelo Odebrecht en Curitiba, \u00e9ste sea alcanzada a la comisi\u00f3n que presido\u00bb, sostuvo.<\/span><\/p>\n<p><span style=\"color: #000000;\">Indic\u00f3 que resulta de inter\u00e9s nacional conocer en qu\u00e9 t\u00e9rminos se dieron las declaraciones de Marcelo Odebrecht ya que hay mucha controversia y especulaci\u00f3n al respecto.<\/span><\/p>\n<p><span style=\"color: #000000;\">Bartra aclar\u00f3 que existe una opini\u00f3n consultiva de la Comisi\u00f3n de Constituci\u00f3n del Congreso de la Rep\u00fablica que refiere que el fiscal de la Naci\u00f3n o cualquier fiscal puede ser requerido y debe concurrir a esta comisi\u00f3n.<\/span><\/p>\n<p><span style=\"color: #000000;\">\u00ab\u00bfRepresalia? Ninguna. En esta comisi\u00f3n lo \u00fanico que buscamos es que el Per\u00fa de manera p\u00fablica, abierta y transparente conozca la verdad. Ac\u00e1 no buscamos perseguir ni tener alg\u00fan tipo de acci\u00f3n amedrentadora\u00bb, insisti\u00f3.<\/span><\/p>\n","protected":false},"excerpt":{"rendered":"<p>La presidenta de la Comisi\u00f3n Lava Jato del Congreso, Rosa Bartra, inform\u00f3 que \u201clo m\u00e1s pronto posible\u201d se fijar\u00e1 hora y fecha para la presentaci\u00f3n del fiscal de la Naci\u00f3n. Lima, 13 Noviembre 2017, (ANDINA).- La presidenta de la Comisi\u00f3n Lava Jato del Congreso, Rosa Bartra, inform\u00f3 que \u201clo m\u00e1s pronto posible\u201d se fijar\u00e1 hora [&hellip;]<\/p>\n","protected":false},"author":1,"featured_media":8433,"comment_status":"open","ping_status":"open","sticky":false,"template":"","format":"standard","meta":{"rop_custom_images_group":[],"rop_custom_messages_group":[],"rop_publish_now":"initial","rop_publish_now_accounts":[],"rop_publish_now_history":[],"rop_publish_now_status":"pending","footnotes":""},"categories":[5],"tags":[192,370,619,525],"class_list":["post-18512","post","type-post","status-publish","format-standard","has-post-thumbnail","hentry","category-actualidad-informativa","tag-congreso","tag-ministerio-publico","tag-odebrecht","tag-rosa-bartra"],"_links":{"self":[{"href":"https:\/\/elinformanteperu.com\/index.php\/wp-json\/wp\/v2\/posts\/18512","targetHints":{"allow":["GET"]}}],"collection":[{"href":"https:\/\/elinformanteperu.com\/index.php\/wp-json\/wp\/v2\/posts"}],"about":[{"href":"https:\/\/elinformanteperu.com\/index.php\/wp-json\/wp\/v2\/types\/post"}],"author":[{"embeddable":true,"href":"https:\/\/elinformanteperu.com\/index.php\/wp-json\/wp\/v2\/users\/1"}],"replies":[{"embeddable":true,"href":"https:\/\/elinformanteperu.com\/index.php\/wp-json\/wp\/v2\/comments?post=18512"}],"version-history":[{"count":1,"href":"https:\/\/elinformanteperu.com\/index.php\/wp-json\/wp\/v2\/posts\/18512\/revisions"}],"predecessor-version":[{"id":18513,"href":"https:\/\/elinformanteperu.com\/index.php\/wp-json\/wp\/v2\/posts\/18512\/revisions\/18513"}],"wp:featuredmedia":[{"embeddable":true,"href":"https:\/\/elinformanteperu.com\/index.php\/wp-json\/wp\/v2\/media\/8433"}],"wp:attachment":[{"href":"https:\/\/elinformanteperu.com\/index.php\/wp-json\/wp\/v2\/media?parent=18512"}],"wp:term":[{"taxonomy":"category","embeddable":true,"href":"https:\/\/elinformanteperu.com\/index.php\/wp-json\/wp\/v2\/categories?post=18512"},{"taxonomy":"post_tag","embeddable":true,"href":"https:\/\/elinformanteperu.com\/index.php\/wp-json\/wp\/v2\/tags?post=18512"}],"curies":[{"name":"wp","href":"https:\/\/api.w.org\/{rel}","templated":true}]}}