{"id":18508,"date":"2017-11-14T01:45:21","date_gmt":"2017-11-14T06:45:21","guid":{"rendered":"http:\/\/elinformanteperu.com\/?p=18508"},"modified":"2017-11-14T01:45:21","modified_gmt":"2017-11-14T06:45:21","slug":"veronika-mendoza-critica-denuncias-constitucionales-contra-pablo-sanchez-y-tc","status":"publish","type":"post","link":"https:\/\/elinformanteperu.com\/index.php\/2017\/11\/14\/veronika-mendoza-critica-denuncias-constitucionales-contra-pablo-sanchez-y-tc\/","title":{"rendered":"Ver\u00f3nika Mendoza critica denuncias constitucionales contra Pablo S\u00e1nchez y TC"},"content":{"rendered":"<p><strong><span style=\"color: #000000;\">La lideresa de Nuevo Per\u00fa, Ver\u00f3nika Mendoza, critic\u00f3 la denuncia constitucional presentada por el fujimorismo contra el fiscal de la Naci\u00f3n, Pablo S\u00e1nchez.<\/span><\/strong><\/p>\n<p><span style=\"color: #000000;\"><strong>Lima, 13 Noviembre 2017, (ANDINA).-<\/strong> La lideresa de Nuevo Per\u00fa, Ver\u00f3nika Mendoza, critic\u00f3 la denuncia constitucional presentada por el fujimorismo contra el fiscal de la Naci\u00f3n, Pablo S\u00e1nchez, y aquella que se tramita en el Congreso contra cuatro magistrados del Tribunal Constitucional (TC).<\/span><\/p>\n<p><span style=\"color: #000000;\">Seg\u00fan indic\u00f3, el fujimorismo tendr\u00eda como consigna someter las instituciones democr\u00e1ticas del pa\u00eds y repetir el estilo de gobierno que le caracteriz\u00f3 en la d\u00e9cada de 1990.<\/span><\/p>\n<p><span style=\"color: #000000;\">\u00abEs claro que el fujimorismo pretende dar un golpe institucional, tal y como lo hac\u00edan en los noventa, en busca de impunidad\u00bb, dijo en Ideleradio.<\/span><\/p>\n<p><span style=\"color: #000000;\">A su juicio, las denuncias contra el fiscal de la Naci\u00f3n y el TC no se dan por un af\u00e1n fiscalizador ni por \u00abuna genuina preocupaci\u00f3n por la corrupci\u00f3n\u00bb.<\/span><\/p>\n<p><span style=\"color: #000000;\">Sostuvo, en ese sentido, que se pretender\u00eda \u00abtraerse abajo a estas instituciones y a quienes las encabezan\u00bb para controlarlas para sus intereses.<\/span><\/p>\n<p><span style=\"color: #000000;\">La semana pasada, el vocero de la bancada de Fuerza Popular, Daniel Salaverry, present\u00f3 una denuncia constitucional contra Pablo S\u00e1nchez por considerar que incurri\u00f3 en \u201cgrave omisi\u00f3n funcional\u201d en la lucha contra la corrupci\u00f3n por el caso Lava Jato.<\/span><\/p>\n<p><span style=\"color: #000000;\">El fiscal de la Naci\u00f3n ha se\u00f1alado que no tiene miedo y no se dejar\u00e1 amilanar por dicha denuncia constitucional.<\/span><\/p>\n<p><span style=\"color: #000000;\">Adem\u00e1s, afirm\u00f3 que existe una investigaci\u00f3n sobre las empresas vinculadas a la brasile\u00f1a Odebrecht, compa\u00f1\u00eda brasile\u00f1a vinculada a la entrega de sobornos a funcionarios peruanos durante los tres gobiernos pasados.<\/span><\/p>\n","protected":false},"excerpt":{"rendered":"<p>La lideresa de Nuevo Per\u00fa, Ver\u00f3nika Mendoza, critic\u00f3 la denuncia constitucional presentada por el fujimorismo contra el fiscal de la Naci\u00f3n, Pablo S\u00e1nchez. Lima, 13 Noviembre 2017, (ANDINA).- La lideresa de Nuevo Per\u00fa, Ver\u00f3nika Mendoza, critic\u00f3 la denuncia constitucional presentada por el fujimorismo contra el fiscal de la Naci\u00f3n, Pablo S\u00e1nchez, y aquella que se [&hellip;]<\/p>\n","protected":false},"author":1,"featured_media":2569,"comment_status":"open","ping_status":"open","sticky":false,"template":"","format":"standard","meta":{"rop_custom_images_group":[],"rop_custom_messages_group":[],"rop_publish_now":"initial","rop_publish_now_accounts":[],"rop_publish_now_history":[],"rop_publish_now_status":"pending","footnotes":""},"categories":[5],"tags":[192,446,347,442],"class_list":["post-18508","post","type-post","status-publish","format-standard","has-post-thumbnail","hentry","category-actualidad-informativa","tag-congreso","tag-nuevo-peru","tag-pablo-sanchez","tag-veronika-mendoza"],"_links":{"self":[{"href":"https:\/\/elinformanteperu.com\/index.php\/wp-json\/wp\/v2\/posts\/18508","targetHints":{"allow":["GET"]}}],"collection":[{"href":"https:\/\/elinformanteperu.com\/index.php\/wp-json\/wp\/v2\/posts"}],"about":[{"href":"https:\/\/elinformanteperu.com\/index.php\/wp-json\/wp\/v2\/types\/post"}],"author":[{"embeddable":true,"href":"https:\/\/elinformanteperu.com\/index.php\/wp-json\/wp\/v2\/users\/1"}],"replies":[{"embeddable":true,"href":"https:\/\/elinformanteperu.com\/index.php\/wp-json\/wp\/v2\/comments?post=18508"}],"version-history":[{"count":1,"href":"https:\/\/elinformanteperu.com\/index.php\/wp-json\/wp\/v2\/posts\/18508\/revisions"}],"predecessor-version":[{"id":18509,"href":"https:\/\/elinformanteperu.com\/index.php\/wp-json\/wp\/v2\/posts\/18508\/revisions\/18509"}],"wp:featuredmedia":[{"embeddable":true,"href":"https:\/\/elinformanteperu.com\/index.php\/wp-json\/wp\/v2\/media\/2569"}],"wp:attachment":[{"href":"https:\/\/elinformanteperu.com\/index.php\/wp-json\/wp\/v2\/media?parent=18508"}],"wp:term":[{"taxonomy":"category","embeddable":true,"href":"https:\/\/elinformanteperu.com\/index.php\/wp-json\/wp\/v2\/categories?post=18508"},{"taxonomy":"post_tag","embeddable":true,"href":"https:\/\/elinformanteperu.com\/index.php\/wp-json\/wp\/v2\/tags?post=18508"}],"curies":[{"name":"wp","href":"https:\/\/api.w.org\/{rel}","templated":true}]}}