{"id":18490,"date":"2017-11-14T01:24:16","date_gmt":"2017-11-14T06:24:16","guid":{"rendered":"http:\/\/elinformanteperu.com\/?p=18490"},"modified":"2017-11-14T01:24:16","modified_gmt":"2017-11-14T06:24:16","slug":"petroperu-invoca-a-comunidad-de-chapis-evitar-se-extienda-derrame-en-loreto","status":"publish","type":"post","link":"https:\/\/elinformanteperu.com\/index.php\/2017\/11\/14\/petroperu-invoca-a-comunidad-de-chapis-evitar-se-extienda-derrame-en-loreto\/","title":{"rendered":"Petroper\u00fa invoca a comunidad de Chapis evitar se extienda derrame en Loreto"},"content":{"rendered":"<p><strong><span style=\"color: #000000;\">Petroper\u00fa invoca a la Comunidad de Chapis,ubicada en el distrito de Manseriche, regi\u00f3n Loreto, permitir al personal colocar la grapa temporal ante el derrame de petr\u00f3leo.<\/span><\/strong><\/p>\n<p><span style=\"color: #000000;\"><strong>Lima, 13 Noviembre 2017, (ANDINA).-<\/strong> Petroper\u00fa invoca a la Comunidad de Chapis,ubicada en el distrito de Manseriche, provincia de Datem Del Mara\u00f1\u00f3n, regi\u00f3n Loreto,permitir al personal colocar la grapa temporal ante el derrame de petr\u00f3leo ocurrido en el kil\u00f3metro 221.5 del Oleoducto Ramal Norte (ORN), el pasado mi\u00e9rcoles, a fin de que se expanda y resguardar la salud de la poblaci\u00f3n.<\/span><\/p>\n<p><span style=\"color: #000000;\">As\u00ed lo sostuvo Beatriz Alva Hart, gerente Corporativa de Gesti\u00f3n Social y Comunicaciones de Petroper\u00fa a la Agencia Andina, y expres\u00f3 su preocupaci\u00f3n porque la Comunidad de Chapis para deponer su medida de fuerza ha solicitado 10 millones de soles como compensaci\u00f3n por contaminaci\u00f3n, pagos a sus dirigentes y que se contrate a su empresa local. \u201cEs casi un extorsi\u00f3n\u201d, puntualiz\u00f3 la funcionaria.<\/span><\/p>\n<p><span style=\"color: #000000;\">Petroper\u00fa, dijo, no tiene ning\u00fan impedimento para dialogar con ellos, pero lo que pide primero es dejar poner la grapa que selle la fuga del crudo y evitar su expansi\u00f3n, pues para el tema de remediaci\u00f3n se conversar\u00e1 luego, pero no entienden razones.<\/span><\/p>\n<p><span style=\"color: #000000;\">Alva Hart, a\u00f1adi\u00f3 que lamentablemente en este caso est\u00e1n siendo liderados por Ismael P\u00e9rez, lo cual es preocupante porque se trata de un trabajador del Ministerio de Salud en la gobernaci\u00f3n regional de Loreto. \u201cNo entendemos c\u00f3mo este profesional est\u00e1 permitiendo y fomentando que se afecte la salud de todos los peruanos. Actualmente el nivel de afectaci\u00f3n de la zona es bastante limitada, pero puede ser mayor de no colocarse la grapa, porque est\u00e1 lloviendo en la zona\u00bb, acot\u00f3.<\/span><\/p>\n<p><span style=\"color: #000000;\">La funcionaria refiri\u00f3 que no hay que dejarse sorprender porque la Comunidad de Chapis no est\u00e1 exenta de cualquier espacio de di\u00e1logo, pues ellos participan en la Mesa del Datem del Mara\u00f1\u00f3n, para atender la problem\u00e1tica socioecon\u00f3mica de la zona. \u201cEn el fondo hay un tema pol\u00edtico que se est\u00e1 moviendo\u201d, consider\u00f3.<\/span><\/p>\n<p><span style=\"color: #000000;\">En detalle de lo acontecido, Alva Hart explic\u00f3 que el mi\u00e9rcoles de la semana pasada, en el patrullaje regular, el equipo de Petroper\u00fa advirti\u00f3 una mancha de petr\u00f3leo que estaba en una zona en que el oleoducto est\u00e1 por debajo de la tierra, m\u00e1s o menos a un metro y medio.<\/span><\/p>\n<p><span style=\"color: #000000;\">Inmediatamente se dio la alerta y se activ\u00f3 el sistema de contingencia y como consecuencia se colocaron las barreras de contenci\u00f3n para evitar el crudo se pueda extender.<\/span><\/p>\n<p><span style=\"color: #000000;\">Como el tubo est\u00e1 enterrado en esa zona se ten\u00eda que hacer una excavaci\u00f3n, y es en ese momento en que los pobladores de la Comunidad de Chapis impidieron hacer los trabajos para poder determinar las causas de la contingencia y poner la grapa temporal.<\/span><\/p>\n<p><span style=\"color: #000000;\">\u201cLo que sucede es que esa parte del Oleoducto, que es el ramal norte, no est\u00e1 bombeando, no est\u00e1 operando, pero hay presi\u00f3n interna en la tuber\u00eda que origina que el petr\u00f3leo salga.<\/span><\/p>\n<p><span style=\"color: #000000;\">La funcionaria precis\u00f3 que el Ministerio P\u00fablico, la Polic\u00eda Nacional, Organismo de Evaluaci\u00f3n y Fiscalizaci\u00f3n Ambiental (OEFA) y el Organismo Supervisor de la Inversi\u00f3n en Energ\u00eda y Miner\u00eda (Osinergmin) han levantado sus actas en la que se evidencia la actitud de dicha comunidad para no dejar trabajar al personal de Petroper\u00fa. Hasta el Subsecretario de Di\u00e1logo y Sostenibilidad de la PCM, Am\u00e9rico Aroca, envi\u00f3 un oficio al presidente de la Comunidad de Chapis, Jorge Kuja.<\/span><\/p>\n<p><span style=\"color: #000000;\">Ante un delito flagrante, sostuvo, debe establecerse el estado de derecho por parte de las autoridades competentes, porque debido a la actitud intransigente de unos pocos pobladores, corren el riesgo de impactarse no solo las comunidades vecinas sino el Per\u00fa en su conjunto.<\/span><\/p>\n<p><img fetchpriority=\"high\" decoding=\"async\" class=\"aligncenter size-full wp-image-18492\" src=\"http:\/\/elinformanteperu.com\/wp-content\/uploads\/2017\/11\/petroperu-chapis1.jpg\" alt=\"\" width=\"500\" height=\"295\" srcset=\"https:\/\/elinformanteperu.com\/wp-content\/uploads\/2017\/11\/petroperu-chapis1.jpg 500w, https:\/\/elinformanteperu.com\/wp-content\/uploads\/2017\/11\/petroperu-chapis1-300x177.jpg 300w, https:\/\/elinformanteperu.com\/wp-content\/uploads\/2017\/11\/petroperu-chapis1-128x76.jpg 128w, https:\/\/elinformanteperu.com\/wp-content\/uploads\/2017\/11\/petroperu-chapis1-32x19.jpg 32w\" sizes=\"(max-width: 500px) 100vw, 500px\" \/><\/p>\n","protected":false},"excerpt":{"rendered":"<p>Petroper\u00fa invoca a la Comunidad de Chapis,ubicada en el distrito de Manseriche, regi\u00f3n Loreto, permitir al personal colocar la grapa temporal ante el derrame de petr\u00f3leo. Lima, 13 Noviembre 2017, (ANDINA).- Petroper\u00fa invoca a la Comunidad de Chapis,ubicada en el distrito de Manseriche, provincia de Datem Del Mara\u00f1\u00f3n, regi\u00f3n Loreto,permitir al personal colocar la grapa [&hellip;]<\/p>\n","protected":false},"author":1,"featured_media":18491,"comment_status":"open","ping_status":"open","sticky":false,"template":"","format":"standard","meta":{"rop_custom_images_group":[],"rop_custom_messages_group":[],"rop_publish_now":"initial","rop_publish_now_accounts":[],"rop_publish_now_history":[],"rop_publish_now_status":"pending","footnotes":""},"categories":[10],"tags":[2160],"class_list":["post-18490","post","type-post","status-publish","format-standard","has-post-thumbnail","hentry","category-actualidad-municipal","tag-petroperu"],"_links":{"self":[{"href":"https:\/\/elinformanteperu.com\/index.php\/wp-json\/wp\/v2\/posts\/18490","targetHints":{"allow":["GET"]}}],"collection":[{"href":"https:\/\/elinformanteperu.com\/index.php\/wp-json\/wp\/v2\/posts"}],"about":[{"href":"https:\/\/elinformanteperu.com\/index.php\/wp-json\/wp\/v2\/types\/post"}],"author":[{"embeddable":true,"href":"https:\/\/elinformanteperu.com\/index.php\/wp-json\/wp\/v2\/users\/1"}],"replies":[{"embeddable":true,"href":"https:\/\/elinformanteperu.com\/index.php\/wp-json\/wp\/v2\/comments?post=18490"}],"version-history":[{"count":1,"href":"https:\/\/elinformanteperu.com\/index.php\/wp-json\/wp\/v2\/posts\/18490\/revisions"}],"predecessor-version":[{"id":18493,"href":"https:\/\/elinformanteperu.com\/index.php\/wp-json\/wp\/v2\/posts\/18490\/revisions\/18493"}],"wp:featuredmedia":[{"embeddable":true,"href":"https:\/\/elinformanteperu.com\/index.php\/wp-json\/wp\/v2\/media\/18491"}],"wp:attachment":[{"href":"https:\/\/elinformanteperu.com\/index.php\/wp-json\/wp\/v2\/media?parent=18490"}],"wp:term":[{"taxonomy":"category","embeddable":true,"href":"https:\/\/elinformanteperu.com\/index.php\/wp-json\/wp\/v2\/categories?post=18490"},{"taxonomy":"post_tag","embeddable":true,"href":"https:\/\/elinformanteperu.com\/index.php\/wp-json\/wp\/v2\/tags?post=18490"}],"curies":[{"name":"wp","href":"https:\/\/api.w.org\/{rel}","templated":true}]}}