{"id":18487,"date":"2017-11-14T01:14:25","date_gmt":"2017-11-14T06:14:25","guid":{"rendered":"http:\/\/elinformanteperu.com\/?p=18487"},"modified":"2017-11-14T01:14:25","modified_gmt":"2017-11-14T06:14:25","slug":"pedro-gallese-tenemos-que-estar-concentrados-y-no-desesperarnos","status":"publish","type":"post","link":"https:\/\/elinformanteperu.com\/index.php\/2017\/11\/14\/pedro-gallese-tenemos-que-estar-concentrados-y-no-desesperarnos\/","title":{"rendered":"Pedro Gallese: tenemos que estar concentrados y no desesperarnos"},"content":{"rendered":"<p><strong><span style=\"color: #000000;\">El portero de la selecci\u00f3n peruana Pedro Gallese cree que el partido de vuelta de la repesca del Mundial contra Nueva Zelanda \u00abva a ser igual\u00bb al de la ida, que termin\u00f3 empatado sin goles en Wellington.<\/span><\/strong><\/p>\n<p><span style=\"color: #000000;\"><strong>Lima, 13 Noviembre 2017, (ANDINA).-<\/strong> El portero de la selecci\u00f3n peruana Pedro Gallese cree que el partido de vuelta de la repesca del Mundial contra Nueva Zelanda \u00abva a ser igual\u00bb al de la ida, que termin\u00f3 empatado sin goles en Wellington.<\/span><\/p>\n<p><span style=\"color: #000000;\">Reconoci\u00f3 que Per\u00fa pudo \u00abhacer un poco m\u00e1s\u00bb en su visita a Nueva Zelanda porque \u00abtiene los jugadores para hacerlo\u00bb.<\/span><\/p>\n<p><span style=\"color: #000000;\">\u00abTodos tenemos la sensaci\u00f3n de que se pudo haber hecho m\u00e1s en ese partido, y por eso estamos un poco fastidiados. No metimos las ocasiones que creamos, pero tenemos que pasar ya de p\u00e1gina\u00bb, dijo Gallese tras un entrenamiento en Lima.<\/span><\/p>\n<p><span style=\"color: #000000;\">Consider\u00f3 que el empate en el encuentro de ida \u00abno es malo\u00bb porque Per\u00fa todav\u00eda mantiene sus opciones de lograr un cupo para el Mundial de Rusia 2018 de local, ante la hinchada que llenar\u00e1 el Estadio Nacional de la capital peruana.<\/span><\/p>\n<p><span style=\"color: #000000;\">Admiti\u00f3 que Nueva Zelanda es m\u00e1s peligrosa con su goleador Chris Wood en la cancha, como lo demostr\u00f3 al final del encuentro de ida.<\/span><\/p>\n<p><span style=\"color: #000000;\">\u00abTenemos que estar concentrados atr\u00e1s para que los de delante est\u00e9n tranquilos y se enfoquen en crear juego. No hay que desesperarse porque a veces eso pasa factura durante el partido\u00bb, agreg\u00f3.<\/span><\/p>\n<p><span style=\"color: #000000;\">El pen\u00faltimo entrenamiento de Per\u00fa antes de recibir a Nueva Zelanda tuvo un percance moment\u00e1neo cuando el delantero Jefferson Farf\u00e1n recibi\u00f3 un golpe que le provoc\u00f3 una ligera cojera durante los minutos siguientes de la pr\u00e1ctica.<\/span><\/p>\n<p><span style=\"color: #000000;\">Est\u00e1 previsto este martes la Blanquirroja se ejercite en el Estadio Nacional, donde su seleccionador, el argentino Ricardo Gareca, terminar\u00e1 de definir el equipo titular.<\/span><\/p>\n<p><span style=\"color: #000000;\">Aunque no se esperan grandes modificaciones respecto al once titular que jug\u00f3 en Wellington, el lateral derecho Luis Adv\u00edncula puede reemplazar a Aldo Corzo con el objetivo de dar m\u00e1s profundidad al juego de los peruanos.<\/span><\/p>\n<p><img fetchpriority=\"high\" decoding=\"async\" class=\"aligncenter size-full wp-image-16046\" src=\"http:\/\/elinformanteperu.com\/wp-content\/uploads\/2017\/09\/gallese-pedro3.jpg\" alt=\"\" width=\"1800\" height=\"1212\" srcset=\"https:\/\/elinformanteperu.com\/wp-content\/uploads\/2017\/09\/gallese-pedro3.jpg 1800w, https:\/\/elinformanteperu.com\/wp-content\/uploads\/2017\/09\/gallese-pedro3-300x202.jpg 300w, https:\/\/elinformanteperu.com\/wp-content\/uploads\/2017\/09\/gallese-pedro3-768x517.jpg 768w, https:\/\/elinformanteperu.com\/wp-content\/uploads\/2017\/09\/gallese-pedro3-1024x689.jpg 1024w, https:\/\/elinformanteperu.com\/wp-content\/uploads\/2017\/09\/gallese-pedro3-128x86.jpg 128w, https:\/\/elinformanteperu.com\/wp-content\/uploads\/2017\/09\/gallese-pedro3-32x22.jpg 32w\" sizes=\"(max-width: 1800px) 100vw, 1800px\" \/><\/p>\n","protected":false},"excerpt":{"rendered":"<p>El portero de la selecci\u00f3n peruana Pedro Gallese cree que el partido de vuelta de la repesca del Mundial contra Nueva Zelanda \u00abva a ser igual\u00bb al de la ida, que termin\u00f3 empatado sin goles en Wellington. Lima, 13 Noviembre 2017, (ANDINA).- El portero de la selecci\u00f3n peruana Pedro Gallese cree que el partido de [&hellip;]<\/p>\n","protected":false},"author":1,"featured_media":18488,"comment_status":"open","ping_status":"open","sticky":false,"template":"","format":"standard","meta":{"rop_custom_images_group":[],"rop_custom_messages_group":[],"rop_publish_now":"initial","rop_publish_now_accounts":[],"rop_publish_now_history":[],"rop_publish_now_status":"pending","footnotes":""},"categories":[8],"tags":[1198,2249,137],"class_list":["post-18487","post","type-post","status-publish","format-standard","has-post-thumbnail","hentry","category-disciplinas-deportivas","tag-pedro-gallese","tag-repechaje-peru-nueva-zelanda","tag-seleccion-peruana"],"_links":{"self":[{"href":"https:\/\/elinformanteperu.com\/index.php\/wp-json\/wp\/v2\/posts\/18487","targetHints":{"allow":["GET"]}}],"collection":[{"href":"https:\/\/elinformanteperu.com\/index.php\/wp-json\/wp\/v2\/posts"}],"about":[{"href":"https:\/\/elinformanteperu.com\/index.php\/wp-json\/wp\/v2\/types\/post"}],"author":[{"embeddable":true,"href":"https:\/\/elinformanteperu.com\/index.php\/wp-json\/wp\/v2\/users\/1"}],"replies":[{"embeddable":true,"href":"https:\/\/elinformanteperu.com\/index.php\/wp-json\/wp\/v2\/comments?post=18487"}],"version-history":[{"count":1,"href":"https:\/\/elinformanteperu.com\/index.php\/wp-json\/wp\/v2\/posts\/18487\/revisions"}],"predecessor-version":[{"id":18489,"href":"https:\/\/elinformanteperu.com\/index.php\/wp-json\/wp\/v2\/posts\/18487\/revisions\/18489"}],"wp:featuredmedia":[{"embeddable":true,"href":"https:\/\/elinformanteperu.com\/index.php\/wp-json\/wp\/v2\/media\/18488"}],"wp:attachment":[{"href":"https:\/\/elinformanteperu.com\/index.php\/wp-json\/wp\/v2\/media?parent=18487"}],"wp:term":[{"taxonomy":"category","embeddable":true,"href":"https:\/\/elinformanteperu.com\/index.php\/wp-json\/wp\/v2\/categories?post=18487"},{"taxonomy":"post_tag","embeddable":true,"href":"https:\/\/elinformanteperu.com\/index.php\/wp-json\/wp\/v2\/tags?post=18487"}],"curies":[{"name":"wp","href":"https:\/\/api.w.org\/{rel}","templated":true}]}}