{"id":18478,"date":"2017-11-14T00:31:03","date_gmt":"2017-11-14T05:31:03","guid":{"rendered":"http:\/\/elinformanteperu.com\/?p=18478"},"modified":"2017-11-14T00:31:03","modified_gmt":"2017-11-14T05:31:03","slug":"suecia-se-clasifica-para-el-mundial-2018-y-deja-fuera-a-italia","status":"publish","type":"post","link":"https:\/\/elinformanteperu.com\/index.php\/2017\/11\/14\/suecia-se-clasifica-para-el-mundial-2018-y-deja-fuera-a-italia\/","title":{"rendered":"Suecia se clasifica para el Mundial 2018 y deja fuera a Italia"},"content":{"rendered":"<p><strong><span style=\"color: #000000;\">Suecia se clasific\u00f3 para el Mundial de Rusia 2018 al empatar sin goles frente a Italia, que queda fuera del torneo por primera vez desde 1958, en la vuelta del repechaje europeo.<\/span><\/strong><\/p>\n<p><span style=\"color: #000000;\"><strong>Lima, 13 Noviembre 2017, (ANDINA).-<\/strong> Suecia se clasific\u00f3 para el Mundial de Rusia 2018 al empatar sin goles frente a Italia, que queda fuera del torneo por primera vez desde 1958, en la vuelta del repechaje europeo disputada en el Giuseppe Meazza de Mil\u00e1n.<\/span><\/p>\n<p><span style=\"color: #000000;\">Italia solo se hab\u00eda perdido dos Mundiales. Adem\u00e1s de la edici\u00f3n de 1958, no particip\u00f3 en el primero, en 1930, porque rechaz\u00f3 la invitaci\u00f3n de viajar a Uruguay para jugarlo.<\/span><\/p>\n<p><span style=\"color: #000000;\">El combinado n\u00f3rdico hizo bueno el triunfo 1-0 en la ida en Estocolmo ante una Italia, cuatro veces campeona mundial, que no fue capaz de marcar en 180 minutos.<\/span><\/p>\n<p><span style=\"color: #000000;\">Su arquero, el legendario Gianluigi Buffon, no podr\u00e1 disputar su sexta Copa del Mundo. A sus 39 a\u00f1os, hab\u00eda anunciado que el Mundial ruso ser\u00eda su \u00faltima cita como internacional.<\/span><\/p>\n<p><span style=\"color: #000000;\">Sin su gran estrella Zlatan Ibrahimovic, que se retir\u00f3 de la selecci\u00f3n tras la Eurocopa 2016, Suecia consigui\u00f3 clasificarse para el Mundial por primera vez desde 2006.<\/span><\/p>\n<p><iframe src=\"https:\/\/www.youtube-nocookie.com\/embed\/tguIoR3Yutc?rel=0&amp;controls=0&amp;showinfo=0\" width=\"560\" height=\"315\" frameborder=\"0\" allowfullscreen=\"allowfullscreen\"><\/iframe><\/p>\n","protected":false},"excerpt":{"rendered":"<p>Suecia se clasific\u00f3 para el Mundial de Rusia 2018 al empatar sin goles frente a Italia, que queda fuera del torneo por primera vez desde 1958, en la vuelta del repechaje europeo. Lima, 13 Noviembre 2017, (ANDINA).- Suecia se clasific\u00f3 para el Mundial de Rusia 2018 al empatar sin goles frente a Italia, que queda [&hellip;]<\/p>\n","protected":false},"author":1,"featured_media":18479,"comment_status":"open","ping_status":"open","sticky":false,"template":"","format":"standard","meta":{"rop_custom_images_group":[],"rop_custom_messages_group":[],"rop_publish_now":"initial","rop_publish_now_accounts":[],"rop_publish_now_history":[],"rop_publish_now_status":"pending","footnotes":""},"categories":[8],"tags":[2400,2330,2423,2401],"class_list":["post-18478","post","type-post","status-publish","format-standard","has-post-thumbnail","hentry","category-disciplinas-deportivas","tag-italia","tag-mundial-rusia-2018","tag-repechaje-italia-suecia","tag-suecia"],"_links":{"self":[{"href":"https:\/\/elinformanteperu.com\/index.php\/wp-json\/wp\/v2\/posts\/18478","targetHints":{"allow":["GET"]}}],"collection":[{"href":"https:\/\/elinformanteperu.com\/index.php\/wp-json\/wp\/v2\/posts"}],"about":[{"href":"https:\/\/elinformanteperu.com\/index.php\/wp-json\/wp\/v2\/types\/post"}],"author":[{"embeddable":true,"href":"https:\/\/elinformanteperu.com\/index.php\/wp-json\/wp\/v2\/users\/1"}],"replies":[{"embeddable":true,"href":"https:\/\/elinformanteperu.com\/index.php\/wp-json\/wp\/v2\/comments?post=18478"}],"version-history":[{"count":1,"href":"https:\/\/elinformanteperu.com\/index.php\/wp-json\/wp\/v2\/posts\/18478\/revisions"}],"predecessor-version":[{"id":18480,"href":"https:\/\/elinformanteperu.com\/index.php\/wp-json\/wp\/v2\/posts\/18478\/revisions\/18480"}],"wp:featuredmedia":[{"embeddable":true,"href":"https:\/\/elinformanteperu.com\/index.php\/wp-json\/wp\/v2\/media\/18479"}],"wp:attachment":[{"href":"https:\/\/elinformanteperu.com\/index.php\/wp-json\/wp\/v2\/media?parent=18478"}],"wp:term":[{"taxonomy":"category","embeddable":true,"href":"https:\/\/elinformanteperu.com\/index.php\/wp-json\/wp\/v2\/categories?post=18478"},{"taxonomy":"post_tag","embeddable":true,"href":"https:\/\/elinformanteperu.com\/index.php\/wp-json\/wp\/v2\/tags?post=18478"}],"curies":[{"name":"wp","href":"https:\/\/api.w.org\/{rel}","templated":true}]}}