{"id":1843,"date":"2016-11-27T14:13:55","date_gmt":"2016-11-27T19:13:55","guid":{"rendered":"http:\/\/elinformanteperu.com\/?p=1843"},"modified":"2016-11-27T14:13:55","modified_gmt":"2016-11-27T19:13:55","slug":"arreglos-florales-siguen-llegando-a-embajada-de-cuba-por-muerte-de-fidel-castro","status":"publish","type":"post","link":"https:\/\/elinformanteperu.com\/index.php\/2016\/11\/27\/arreglos-florales-siguen-llegando-a-embajada-de-cuba-por-muerte-de-fidel-castro\/","title":{"rendered":"Arreglos florales siguen llegando a embajada de Cuba por muerte de Fidel Castro"},"content":{"rendered":"<p style=\"text-align: justify;\"><strong>Por segundo d\u00eda, hoy domingo, contin\u00faan llegando los arreglos florales y las muestras de condolencias hasta la embajada de Cuba en Lima.<\/strong><\/p>\n<p style=\"text-align: justify;\"><strong>Lima, 27 Noviembre 2016, (ANDINA).-<\/strong> Por segundo d\u00eda, hoy domingo, contin\u00faan llegando los arreglos florales y las muestras de condolencias hasta la embajada de Cuba en Lima, por la muerte del l\u00edder hist\u00f3rico de la revoluci\u00f3n cubana, Fidel Castro.<\/p>\n<p style=\"text-align: justify;\">Hasta la sede diplom\u00e1tica, ubicada en la calle Coronel Portillo 110, en el distrito de San Isidro, llegaron varios simpatizantes de Castro, fallecido el viernes pasado a los 90 a\u00f1os de edad, para manifestar sus condolencias por su muerte y recordarlo por ser un ejemplo a seguir para ellos.<\/p>\n<p>Entre los arreglos florales que llegaron a la embajada de Cuba en Lima est\u00e1n los de la embajadora de Nicaragua, Marcela P\u00e9rez Silva, as\u00ed como de varias instituciones que simpatizan con el l\u00edder cubano.<\/p>\n<p style=\"text-align: justify;\">Mientras tanto, el embajador de Cuba en Lima, Sergio Gonz\u00e1lez, anunci\u00f3 ayer que se abrir\u00e1 un libro de condolencias para que tanto ciudadanos cubanos como peruanos puedan expresar su pesar por la muerte del revolucionario.<\/p>\n<p style=\"text-align: justify;\">\u201cNo deja de ser profundamente doloroso y conmovedor, nos ha tomado este tiempo de articular estas acciones pero estamos en ese prop\u00f3sito y tratando de organizar de la mejor manera y como merece Fidel estas actividades\u201d, dijo.<\/p>\n<p style=\"text-align: justify;\">Inform\u00f3 que el cuerpo de Fidel Castro ser\u00e1 cremado luego de los homenajes p\u00f3stumos que se desarrollar\u00e1n durante una semana en La Habana y en Santiago de Cuba.<\/p>\n","protected":false},"excerpt":{"rendered":"<p>Por segundo d\u00eda, hoy domingo, contin\u00faan llegando los arreglos florales y las muestras de condolencias hasta la embajada de Cuba en Lima. Lima, 27 Noviembre 2016, (ANDINA).- Por segundo d\u00eda, hoy domingo, contin\u00faan llegando los arreglos florales y las muestras de condolencias hasta la embajada de Cuba en Lima, por la muerte del l\u00edder hist\u00f3rico [&hellip;]<\/p>\n","protected":false},"author":1,"featured_media":1844,"comment_status":"open","ping_status":"open","sticky":false,"template":"","format":"standard","meta":{"rop_custom_images_group":[],"rop_custom_messages_group":[],"rop_publish_now":"initial","rop_publish_now_accounts":[],"rop_publish_now_history":[],"rop_publish_now_status":"pending","footnotes":""},"categories":[5],"tags":[345,337],"class_list":["post-1843","post","type-post","status-publish","format-standard","has-post-thumbnail","hentry","category-actualidad-informativa","tag-embajada-de-cuba","tag-fidel-castro"],"_links":{"self":[{"href":"https:\/\/elinformanteperu.com\/index.php\/wp-json\/wp\/v2\/posts\/1843","targetHints":{"allow":["GET"]}}],"collection":[{"href":"https:\/\/elinformanteperu.com\/index.php\/wp-json\/wp\/v2\/posts"}],"about":[{"href":"https:\/\/elinformanteperu.com\/index.php\/wp-json\/wp\/v2\/types\/post"}],"author":[{"embeddable":true,"href":"https:\/\/elinformanteperu.com\/index.php\/wp-json\/wp\/v2\/users\/1"}],"replies":[{"embeddable":true,"href":"https:\/\/elinformanteperu.com\/index.php\/wp-json\/wp\/v2\/comments?post=1843"}],"version-history":[{"count":1,"href":"https:\/\/elinformanteperu.com\/index.php\/wp-json\/wp\/v2\/posts\/1843\/revisions"}],"predecessor-version":[{"id":1845,"href":"https:\/\/elinformanteperu.com\/index.php\/wp-json\/wp\/v2\/posts\/1843\/revisions\/1845"}],"wp:featuredmedia":[{"embeddable":true,"href":"https:\/\/elinformanteperu.com\/index.php\/wp-json\/wp\/v2\/media\/1844"}],"wp:attachment":[{"href":"https:\/\/elinformanteperu.com\/index.php\/wp-json\/wp\/v2\/media?parent=1843"}],"wp:term":[{"taxonomy":"category","embeddable":true,"href":"https:\/\/elinformanteperu.com\/index.php\/wp-json\/wp\/v2\/categories?post=1843"},{"taxonomy":"post_tag","embeddable":true,"href":"https:\/\/elinformanteperu.com\/index.php\/wp-json\/wp\/v2\/tags?post=1843"}],"curies":[{"name":"wp","href":"https:\/\/api.w.org\/{rel}","templated":true}]}}