{"id":18417,"date":"2017-11-12T23:52:56","date_gmt":"2017-11-13T04:52:56","guid":{"rendered":"http:\/\/elinformanteperu.com\/?p=18417"},"modified":"2017-11-12T23:56:57","modified_gmt":"2017-11-13T04:56:57","slug":"incendio-causa-serios-danos-en-complejo-arqueologico-ventarron","status":"publish","type":"post","link":"https:\/\/elinformanteperu.com\/index.php\/2017\/11\/12\/incendio-causa-serios-danos-en-complejo-arqueologico-ventarron\/","title":{"rendered":"Incendio causa serios da\u00f1os en complejo arqueol\u00f3gico Ventarr\u00f3n"},"content":{"rendered":"<p><strong><span style=\"color: #000000;\">Un incendio afect\u00f3 el complejo arqueol\u00f3gico Ventarr\u00f3n, ubicado en la regi\u00f3n Lambayeque, en el norte peruano, el cual albergaba los murales m\u00e1s antiguos de Am\u00e9rica.<\/span><\/strong><\/p>\n<p><span style=\"color: #000000;\"><strong>Chiclayo, 12 Noviembre 2017, (ANDINA).-<\/strong> Un incendio afect\u00f3 el complejo arqueol\u00f3gico Ventarr\u00f3n, ubicado en la regi\u00f3n Lambayeque, en el norte peruano, el cual albergaba los murales m\u00e1s antiguos de Am\u00e9rica.<\/span><\/p>\n<p><span style=\"color: #000000;\">Ignacio Alva, director en Proyecto Arqueol\u00f3gico Cerro Ventarr\u00f3n, advirti\u00f3 que se ha causado un da\u00f1o irremediable, debido a que pl\u00e1stico derretido cay\u00f3 sobre los murales.<\/span><\/p>\n<p><span style=\"color: #000000;\">Dijo que no solo se afect\u00f3 dicho legado sino tambi\u00e9n los almacenes que guardaban colecciones de huesos encontrados en las excavaciones y cer\u00e1mica recuperada.<\/span><\/p>\n<p><span style=\"color: #000000;\">El arque\u00f3logo atribuy\u00f3 esta situaci\u00f3n a la quema de ca\u00f1a de az\u00facar de zonas aleda\u00f1as, y mencion\u00f3 que el fuego ocurri\u00f3 cuando hab\u00eda visitantes.<\/span><\/p>\n<p><span style=\"color: #000000;\">Ventarr\u00f3n, de 4,500 a\u00f1os de antig\u00fcedad, es un sitio prehisp\u00e1nico donde se encuentran todas las formas arquitect\u00f3nicas como muros circulares, muros curvos, estructuras rectangulares curvas, altares de culto al fuego y plazas en forma de cruz media chakana, entre otros.<\/span><\/p>\n<p><span style=\"color: #000000;\">Ventarr\u00f3n identifica lo que es la tradici\u00f3n m\u00e1s antigua de los pueblos de Am\u00e9rica del culto al fuego.<\/span><\/p>\n<p>https:\/\/www.facebook.com\/ignacio.a.meneses\/videos\/10155098441168404\/<\/p>\n","protected":false},"excerpt":{"rendered":"<p>Un incendio afect\u00f3 el complejo arqueol\u00f3gico Ventarr\u00f3n, ubicado en la regi\u00f3n Lambayeque, en el norte peruano, el cual albergaba los murales m\u00e1s antiguos de Am\u00e9rica. Chiclayo, 12 Noviembre 2017, (ANDINA).- Un incendio afect\u00f3 el complejo arqueol\u00f3gico Ventarr\u00f3n, ubicado en la regi\u00f3n Lambayeque, en el norte peruano, el cual albergaba los murales m\u00e1s antiguos de Am\u00e9rica. [&hellip;]<\/p>\n","protected":false},"author":1,"featured_media":18418,"comment_status":"open","ping_status":"open","sticky":false,"template":"","format":"standard","meta":{"rop_custom_images_group":[],"rop_custom_messages_group":[],"rop_publish_now":"initial","rop_publish_now_accounts":[],"rop_publish_now_history":[],"rop_publish_now_status":"pending","footnotes":""},"categories":[10],"tags":[2416,1675,105],"class_list":["post-18417","post","type-post","status-publish","format-standard","has-post-thumbnail","hentry","category-actualidad-municipal","tag-complejo-arqueologico-ventarron","tag-gobierno-regional-de-lambayeque","tag-ministerio-de-cultura"],"_links":{"self":[{"href":"https:\/\/elinformanteperu.com\/index.php\/wp-json\/wp\/v2\/posts\/18417","targetHints":{"allow":["GET"]}}],"collection":[{"href":"https:\/\/elinformanteperu.com\/index.php\/wp-json\/wp\/v2\/posts"}],"about":[{"href":"https:\/\/elinformanteperu.com\/index.php\/wp-json\/wp\/v2\/types\/post"}],"author":[{"embeddable":true,"href":"https:\/\/elinformanteperu.com\/index.php\/wp-json\/wp\/v2\/users\/1"}],"replies":[{"embeddable":true,"href":"https:\/\/elinformanteperu.com\/index.php\/wp-json\/wp\/v2\/comments?post=18417"}],"version-history":[{"count":2,"href":"https:\/\/elinformanteperu.com\/index.php\/wp-json\/wp\/v2\/posts\/18417\/revisions"}],"predecessor-version":[{"id":18425,"href":"https:\/\/elinformanteperu.com\/index.php\/wp-json\/wp\/v2\/posts\/18417\/revisions\/18425"}],"wp:featuredmedia":[{"embeddable":true,"href":"https:\/\/elinformanteperu.com\/index.php\/wp-json\/wp\/v2\/media\/18418"}],"wp:attachment":[{"href":"https:\/\/elinformanteperu.com\/index.php\/wp-json\/wp\/v2\/media?parent=18417"}],"wp:term":[{"taxonomy":"category","embeddable":true,"href":"https:\/\/elinformanteperu.com\/index.php\/wp-json\/wp\/v2\/categories?post=18417"},{"taxonomy":"post_tag","embeddable":true,"href":"https:\/\/elinformanteperu.com\/index.php\/wp-json\/wp\/v2\/tags?post=18417"}],"curies":[{"name":"wp","href":"https:\/\/api.w.org\/{rel}","templated":true}]}}