{"id":18414,"date":"2017-11-12T23:48:38","date_gmt":"2017-11-13T04:48:38","guid":{"rendered":"http:\/\/elinformanteperu.com\/?p=18414"},"modified":"2017-11-12T23:48:38","modified_gmt":"2017-11-13T04:48:38","slug":"dos-muertos-y-dos-heridos-deja-accidente-en-via-huaraz-carhuaz","status":"publish","type":"post","link":"https:\/\/elinformanteperu.com\/index.php\/2017\/11\/12\/dos-muertos-y-dos-heridos-deja-accidente-en-via-huaraz-carhuaz\/","title":{"rendered":"Dos muertos y dos heridos deja accidente en v\u00eda Huaraz \u2013 Carhuaz"},"content":{"rendered":"<p><strong><span style=\"color: #000000;\">Dos personas murieron y otras dos resultaron heridas a consecuencia del accidente automovil\u00edstico registrado en la provincia de Carhuaz, en la regi\u00f3n \u00c1ncash.<\/span><\/strong><\/p>\n<p><span style=\"color: #000000;\"><strong>Chimbote, 12 Noviembre 2017, (ANDINA).-<\/strong> Dos personas murieron y otras dos resultaron heridas a consecuencia del accidente automovil\u00edstico registrado en la provincia de Carhuaz, en la regi\u00f3n \u00c1ncash, cuando el veh\u00edculo en el que viajaban se desplazaba por la v\u00eda Huaraz \u2013 Carhuaz.<\/span><\/p>\n<p><span style=\"color: #000000;\">El accidente fue protagonizado por el veh\u00edculo de matr\u00edcula D9A-145, de la empresa \u201cMilena Tours\u201d que se dirig\u00eda de Carhuaz hasta Marcar\u00e1.<\/span><\/p>\n<p><span style=\"color: #000000;\">A la altura de la zona conocida como \u201cla curva de Marcar\u00e1\u201d, al parecer, una mala maniobra hizo que la unidad chocara intempestivamente contra un poste de electricidad provocando el fat\u00eddico accidente.<\/span><\/p>\n<p><span style=\"color: #000000;\">La Polic\u00eda inform\u00f3 que el chofer del veh\u00edculo identificado como Santiago Robles Obispo (45), falleci\u00f3, as\u00ed como una de las pasajeras de nombre Gheremy Julca \u00d1ope (24), cuando era trasladada hasta el hospital.<\/span><\/p>\n<p><span style=\"color: #000000;\">Los dos heridos fueron conducidos hasta el hospital de Carhuaz por agentes de la Polic\u00eda de Carreteras de Marcar\u00e1, quienes tambi\u00e9n brindaron apoyo para el rescate de los cad\u00e1veres.<\/span><\/p>\n","protected":false},"excerpt":{"rendered":"<p>Dos personas murieron y otras dos resultaron heridas a consecuencia del accidente automovil\u00edstico registrado en la provincia de Carhuaz, en la regi\u00f3n \u00c1ncash. Chimbote, 12 Noviembre 2017, (ANDINA).- Dos personas murieron y otras dos resultaron heridas a consecuencia del accidente automovil\u00edstico registrado en la provincia de Carhuaz, en la regi\u00f3n \u00c1ncash, cuando el veh\u00edculo en [&hellip;]<\/p>\n","protected":false},"author":1,"featured_media":18415,"comment_status":"open","ping_status":"open","sticky":false,"template":"","format":"standard","meta":{"rop_custom_images_group":[],"rop_custom_messages_group":[],"rop_publish_now":"initial","rop_publish_now_accounts":[],"rop_publish_now_history":[],"rop_publish_now_status":"pending","footnotes":""},"categories":[10],"tags":[1234,318,317],"class_list":["post-18414","post","type-post","status-publish","format-standard","has-post-thumbnail","hentry","category-actualidad-municipal","tag-gobierno-regional-de-ancash","tag-ministerio-de-transportes-y-comunicaciones","tag-mtc"],"_links":{"self":[{"href":"https:\/\/elinformanteperu.com\/index.php\/wp-json\/wp\/v2\/posts\/18414","targetHints":{"allow":["GET"]}}],"collection":[{"href":"https:\/\/elinformanteperu.com\/index.php\/wp-json\/wp\/v2\/posts"}],"about":[{"href":"https:\/\/elinformanteperu.com\/index.php\/wp-json\/wp\/v2\/types\/post"}],"author":[{"embeddable":true,"href":"https:\/\/elinformanteperu.com\/index.php\/wp-json\/wp\/v2\/users\/1"}],"replies":[{"embeddable":true,"href":"https:\/\/elinformanteperu.com\/index.php\/wp-json\/wp\/v2\/comments?post=18414"}],"version-history":[{"count":1,"href":"https:\/\/elinformanteperu.com\/index.php\/wp-json\/wp\/v2\/posts\/18414\/revisions"}],"predecessor-version":[{"id":18416,"href":"https:\/\/elinformanteperu.com\/index.php\/wp-json\/wp\/v2\/posts\/18414\/revisions\/18416"}],"wp:featuredmedia":[{"embeddable":true,"href":"https:\/\/elinformanteperu.com\/index.php\/wp-json\/wp\/v2\/media\/18415"}],"wp:attachment":[{"href":"https:\/\/elinformanteperu.com\/index.php\/wp-json\/wp\/v2\/media?parent=18414"}],"wp:term":[{"taxonomy":"category","embeddable":true,"href":"https:\/\/elinformanteperu.com\/index.php\/wp-json\/wp\/v2\/categories?post=18414"},{"taxonomy":"post_tag","embeddable":true,"href":"https:\/\/elinformanteperu.com\/index.php\/wp-json\/wp\/v2\/tags?post=18414"}],"curies":[{"name":"wp","href":"https:\/\/api.w.org\/{rel}","templated":true}]}}