{"id":18352,"date":"2017-11-11T02:03:26","date_gmt":"2017-11-11T07:03:26","guid":{"rendered":"http:\/\/elinformanteperu.com\/?p=18352"},"modified":"2017-11-11T02:03:26","modified_gmt":"2017-11-11T07:03:26","slug":"inpe-119-internos-extranjeros-regresaron-a-sus-paises-a-cumplir-condenas","status":"publish","type":"post","link":"https:\/\/elinformanteperu.com\/index.php\/2017\/11\/11\/inpe-119-internos-extranjeros-regresaron-a-sus-paises-a-cumplir-condenas\/","title":{"rendered":"Inpe: 119 internos extranjeros regresaron a sus pa\u00edses a cumplir condenas"},"content":{"rendered":"<p><strong><span style=\"color: #000000;\">En total 119 internos extranjeros regresaron a sus pa\u00edses de origen para terminar de cumplir sus penas carcelarias inform\u00f3 el Instituto Nacional Penitenciario.<\/span><\/strong><\/p>\n<p><span style=\"color: #000000;\"><strong>Lima, 10 Noviembre 2017, (ANDINA).-<\/strong> En total 119 internos extranjeros regresaron a sus pa\u00edses de origen para terminar de cumplir sus penas carcelarias, inform\u00f3 el Instituto Nacional Penitenciario (Inpe).<\/span><\/p>\n<p><span style=\"color: #000000;\">El viceministro de Justicia, Juan Falconi G\u00e1lvez, particip\u00f3 en una mesa de trabajo sobre la situaci\u00f3n de los internos extranjeros en c\u00e1rceles peruanas.<\/span><\/p>\n<p><span style=\"color: #000000;\">El evento fue parte de las acciones que realiza el sector Justicia a favor de la mejora de condiciones del sistema penitenciario, pol\u00edtica que promueve la gesti\u00f3n del ministro Enrique Mendoza Ram\u00edrez.<\/span><\/p>\n<p><span style=\"color: #000000;\">Durante la reuni\u00f3n, denominada \u201cSituaci\u00f3n jur\u00eddica de personas extranjeras privadas de libertad y liberados\u201d, y que fue organizada por el Inpe, se inform\u00f3 sobre la problem\u00e1tica de los 1,683 internos extranjeros.<\/span><\/p>\n<p><span style=\"color: #000000;\">Ellos representan el 2% de los 85,296 privados de libertad que conforman la poblaci\u00f3n penitenciaria. La mayor\u00eda son oriundos de Colombia, M\u00e9xico, Espa\u00f1a, Ecuador y Bolivia. Tambi\u00e9n, de Venezuela, Holanda, Portugal, Argentina, Italia y otros pa\u00edses.<\/span><\/p>\n<p><span style=\"color: #000000;\">Del grupo de extranjeros se ha logrado que 119 regresen a sus pa\u00edses de origen para terminar de cumplir sus penas carcelarias, lo cual se enmarca en lo dispuesto por el Decreto Legislativo 1281, que promueve el traslado colectivo de personas extranjeras privadas de libertad.<\/span><\/p>\n","protected":false},"excerpt":{"rendered":"<p>En total 119 internos extranjeros regresaron a sus pa\u00edses de origen para terminar de cumplir sus penas carcelarias inform\u00f3 el Instituto Nacional Penitenciario. Lima, 10 Noviembre 2017, (ANDINA).- En total 119 internos extranjeros regresaron a sus pa\u00edses de origen para terminar de cumplir sus penas carcelarias, inform\u00f3 el Instituto Nacional Penitenciario (Inpe). El viceministro de [&hellip;]<\/p>\n","protected":false},"author":1,"featured_media":9352,"comment_status":"open","ping_status":"open","sticky":false,"template":"","format":"standard","meta":{"rop_custom_images_group":[],"rop_custom_messages_group":[],"rop_publish_now":"initial","rop_publish_now_accounts":[],"rop_publish_now_history":[],"rop_publish_now_status":"pending","footnotes":""},"categories":[10],"tags":[2303,1012,166],"class_list":["post-18352","post","type-post","status-publish","format-standard","has-post-thumbnail","hentry","category-actualidad-municipal","tag-enrique-mendoza","tag-inpe","tag-ministerio-de-justicia"],"_links":{"self":[{"href":"https:\/\/elinformanteperu.com\/index.php\/wp-json\/wp\/v2\/posts\/18352","targetHints":{"allow":["GET"]}}],"collection":[{"href":"https:\/\/elinformanteperu.com\/index.php\/wp-json\/wp\/v2\/posts"}],"about":[{"href":"https:\/\/elinformanteperu.com\/index.php\/wp-json\/wp\/v2\/types\/post"}],"author":[{"embeddable":true,"href":"https:\/\/elinformanteperu.com\/index.php\/wp-json\/wp\/v2\/users\/1"}],"replies":[{"embeddable":true,"href":"https:\/\/elinformanteperu.com\/index.php\/wp-json\/wp\/v2\/comments?post=18352"}],"version-history":[{"count":1,"href":"https:\/\/elinformanteperu.com\/index.php\/wp-json\/wp\/v2\/posts\/18352\/revisions"}],"predecessor-version":[{"id":18353,"href":"https:\/\/elinformanteperu.com\/index.php\/wp-json\/wp\/v2\/posts\/18352\/revisions\/18353"}],"wp:featuredmedia":[{"embeddable":true,"href":"https:\/\/elinformanteperu.com\/index.php\/wp-json\/wp\/v2\/media\/9352"}],"wp:attachment":[{"href":"https:\/\/elinformanteperu.com\/index.php\/wp-json\/wp\/v2\/media?parent=18352"}],"wp:term":[{"taxonomy":"category","embeddable":true,"href":"https:\/\/elinformanteperu.com\/index.php\/wp-json\/wp\/v2\/categories?post=18352"},{"taxonomy":"post_tag","embeddable":true,"href":"https:\/\/elinformanteperu.com\/index.php\/wp-json\/wp\/v2\/tags?post=18352"}],"curies":[{"name":"wp","href":"https:\/\/api.w.org\/{rel}","templated":true}]}}