{"id":18341,"date":"2017-11-11T01:11:43","date_gmt":"2017-11-11T06:11:43","guid":{"rendered":"http:\/\/elinformanteperu.com\/?p=18341"},"modified":"2017-11-11T02:35:53","modified_gmt":"2017-11-11T07:35:53","slug":"paolo-guerrero-voy-a-probar-que-soy-inocente","status":"publish","type":"post","link":"https:\/\/elinformanteperu.com\/index.php\/2017\/11\/11\/paolo-guerrero-voy-a-probar-que-soy-inocente\/","title":{"rendered":"Paolo Guerrero se quiebra y dice: \u00abVoy a probar que soy inocente\u00bb"},"content":{"rendered":"<p><strong><span style=\"color: #000000;\">El capit\u00e1n del seleccionado peruano, Paolo Guerrero, asegur\u00f3 que har\u00e1 todo lo necesario para probar su inocencia, porque tiene una carrera de m\u00e1s de quince a\u00f1os que lo avala.<\/span><\/strong><\/p>\n<p><span style=\"color: #000000;\"><strong>Lima, 10 Noviembre 2017, (ANDINA).-<\/strong> El capit\u00e1n del seleccionado peruano, Paolo Guerrero, asegur\u00f3 que har\u00e1 todo lo necesario para probar su inocencia, porque tiene una carrera de m\u00e1s de quince a\u00f1os que lo avala.<\/span><\/p>\n<p><span style=\"color: #000000;\">En declaraciones ofrecidas previo a abordar su vuelo hacia R\u00edo de Janeiro, Brasil, para incorporarse a su club el Flamengo, record\u00f3 que hizo un pedido a la FIFA para levantar la sanci\u00f3n de 30 d\u00edas en su contra, pero que no fue aceptado.<\/span><\/p>\n<p><span style=\"color: #000000;\">\u201cNo me dejan jugar por mi selecci\u00f3n en estos dos partidos claves e important\u00edsimos (ante Nueva Zelanda), pero bueno, nadie me para en esta lucha, s\u00e9 que voy a probar que soy inocente, estoy en esas y nadie va a poder conmigo\u201d, dijo a Canal N.<\/span><\/p>\n<p><span style=\"color: #000000;\">Guerrero asegur\u00f3 que \u201cno ha hecho absolutamente nada\u201d y que su trayectoria en el f\u00fatbol de 16 a\u00f1os se someti\u00f3 a m\u00e1s de 30,000 ex\u00e1menes antidoping \u201cy que nunca sali\u00f3 nada\u201d.<\/span><\/p>\n<p><span style=\"color: #000000;\">\u201cEsto es muy injusto para m\u00ed y me duele mucho porque me est\u00e1 perjudicando en mi carrera, en mi imagen, en mi trayectoria\u201d, precis\u00f3.<\/span><\/p>\n<p><span style=\"color: #000000;\">Asimismo, le envi\u00f3 un mensaje a diversos periodistas que hablaron de m\u00e1s tras su suspensi\u00f3n y que ofrecieron comentarios altisonantes.<\/span><\/p>\n<p><span style=\"color: #000000;\">\u201cHan salido varias cosas de esas personas y ahora ellos se har\u00e1n responsable de lo que dijeron\u201d, aclar\u00f3.<\/span><\/p>\n<p><span style=\"color: #000000;\">Finalmente, les envi\u00f3 un mensaje a sus compa\u00f1eros en Wellington, Nueva Zelanda, que en breve disputar\u00e1n el primer partido del repechaje para buscar un cupo al Mundial de Rusia 2018.<\/span><\/p>\n<p><span style=\"color: #000000;\">\u201cQue Dios los bendiga a mis compa\u00f1eros y hoy tenemos que ganar\u201d, a\u00f1adi\u00f3.<\/span><\/p>\n<p><img fetchpriority=\"high\" decoding=\"async\" class=\"aligncenter size-full wp-image-17952\" src=\"http:\/\/elinformanteperu.com\/wp-content\/uploads\/2017\/11\/paolo-guerrero-idolo.jpg\" alt=\"\" width=\"604\" height=\"340\" srcset=\"https:\/\/elinformanteperu.com\/wp-content\/uploads\/2017\/11\/paolo-guerrero-idolo.jpg 604w, https:\/\/elinformanteperu.com\/wp-content\/uploads\/2017\/11\/paolo-guerrero-idolo-300x169.jpg 300w, https:\/\/elinformanteperu.com\/wp-content\/uploads\/2017\/11\/paolo-guerrero-idolo-128x72.jpg 128w, https:\/\/elinformanteperu.com\/wp-content\/uploads\/2017\/11\/paolo-guerrero-idolo-32x18.jpg 32w\" sizes=\"(max-width: 604px) 100vw, 604px\" \/><\/p>\n<p><iframe src=\"https:\/\/www.youtube-nocookie.com\/embed\/iF8oQoBQeKo?rel=0&amp;controls=0&amp;showinfo=0\" width=\"560\" height=\"315\" frameborder=\"0\" allowfullscreen=\"allowfullscreen\"><\/iframe><\/p>\n","protected":false},"excerpt":{"rendered":"<p>El capit\u00e1n del seleccionado peruano, Paolo Guerrero, asegur\u00f3 que har\u00e1 todo lo necesario para probar su inocencia, porque tiene una carrera de m\u00e1s de quince a\u00f1os que lo avala. Lima, 10 Noviembre 2017, (ANDINA).- El capit\u00e1n del seleccionado peruano, Paolo Guerrero, asegur\u00f3 que har\u00e1 todo lo necesario para probar su inocencia, porque tiene una carrera [&hellip;]<\/p>\n","protected":false},"author":1,"featured_media":17998,"comment_status":"open","ping_status":"open","sticky":false,"template":"","format":"standard","meta":{"rop_custom_images_group":[],"rop_custom_messages_group":[],"rop_publish_now":"initial","rop_publish_now_accounts":[],"rop_publish_now_history":[],"rop_publish_now_status":"pending","footnotes":""},"categories":[8],"tags":[203,2249,137],"class_list":["post-18341","post","type-post","status-publish","format-standard","has-post-thumbnail","hentry","category-disciplinas-deportivas","tag-paolo-guerrero","tag-repechaje-peru-nueva-zelanda","tag-seleccion-peruana"],"_links":{"self":[{"href":"https:\/\/elinformanteperu.com\/index.php\/wp-json\/wp\/v2\/posts\/18341","targetHints":{"allow":["GET"]}}],"collection":[{"href":"https:\/\/elinformanteperu.com\/index.php\/wp-json\/wp\/v2\/posts"}],"about":[{"href":"https:\/\/elinformanteperu.com\/index.php\/wp-json\/wp\/v2\/types\/post"}],"author":[{"embeddable":true,"href":"https:\/\/elinformanteperu.com\/index.php\/wp-json\/wp\/v2\/users\/1"}],"replies":[{"embeddable":true,"href":"https:\/\/elinformanteperu.com\/index.php\/wp-json\/wp\/v2\/comments?post=18341"}],"version-history":[{"count":4,"href":"https:\/\/elinformanteperu.com\/index.php\/wp-json\/wp\/v2\/posts\/18341\/revisions"}],"predecessor-version":[{"id":18358,"href":"https:\/\/elinformanteperu.com\/index.php\/wp-json\/wp\/v2\/posts\/18341\/revisions\/18358"}],"wp:featuredmedia":[{"embeddable":true,"href":"https:\/\/elinformanteperu.com\/index.php\/wp-json\/wp\/v2\/media\/17998"}],"wp:attachment":[{"href":"https:\/\/elinformanteperu.com\/index.php\/wp-json\/wp\/v2\/media?parent=18341"}],"wp:term":[{"taxonomy":"category","embeddable":true,"href":"https:\/\/elinformanteperu.com\/index.php\/wp-json\/wp\/v2\/categories?post=18341"},{"taxonomy":"post_tag","embeddable":true,"href":"https:\/\/elinformanteperu.com\/index.php\/wp-json\/wp\/v2\/tags?post=18341"}],"curies":[{"name":"wp","href":"https:\/\/api.w.org\/{rel}","templated":true}]}}