{"id":18334,"date":"2017-11-10T23:22:35","date_gmt":"2017-11-11T04:22:35","guid":{"rendered":"http:\/\/elinformanteperu.com\/?p=18334"},"modified":"2017-11-10T23:22:35","modified_gmt":"2017-11-11T04:22:35","slug":"joseph-blatter-futbolista-estadounidense-acuso-a-expresidente-de-fifa-de-acosarla","status":"publish","type":"post","link":"https:\/\/elinformanteperu.com\/index.php\/2017\/11\/10\/joseph-blatter-futbolista-estadounidense-acuso-a-expresidente-de-fifa-de-acosarla\/","title":{"rendered":"Joseph Blatter: Futbolista estadounidense acus\u00f3 a expresidente de FIFA de acosarla"},"content":{"rendered":"<p><strong><span style=\"color: #000000;\">La portera estadounidense Hope Solo acus\u00f3 al expresidente de la FIFA Sepp Blatter de haberle tocado el trasero durante la entrega del Bal\u00f3n de Oro en 2013.<\/span><\/strong><\/p>\n<p><span style=\"color: #000000;\"><strong>Lisboa, 10 Noviembre 2017, (ANDINA).-<\/strong> La portera estadounidense Hope Solo acus\u00f3 al expresidente de la FIFA Sepp Blatter de haberle tocado el trasero durante la entrega del Bal\u00f3n de Oro en 2013, denunci\u00f3 la jugadora en una entrevista a una revista portuguesa.<\/span><\/p>\n<p><span style=\"color: #000000;\">\u00abSepp Blatter me toc\u00f3 el trasero. \u00bfPuedo hablar de esto?\u00bb, dijo dirigi\u00e9ndose a su responsable de prensa. \u00abFue en una entrega del Bal\u00f3n de Oro, justo antes de que subiera al escenario\u00bb, declar\u00f3 Solo en una entrevista que el semanario portugu\u00e9s Expresso publicar\u00e1 el s\u00e1bado y de la que salieron algunos extractos en su web este viernes.<\/span><\/p>\n<p><span style=\"color: #000000;\">Esta acusaci\u00f3n es \u00abrid\u00edcula\u00bb, respondi\u00f3 un portavoz del suizo, que dirigi\u00f3 la FIFA entre 1998 y 2015, citado por el sitio del semanario.<\/span><\/p>\n<p><span style=\"color: #000000;\">Este tipo de comportamientos \u00abes frecuente, lo he constatado a lo largo de mi carrera\u00bb, denunci\u00f3 Solo, una de las jugadoras m\u00e1s medi\u00e1ticas y con mejor palmar\u00e9s del f\u00fatbol femenino (dos veces campeona ol\u00edmpica y una mundial).<\/span><\/p>\n<p><span style=\"color: #000000;\">Solo se encuentra estos d\u00edas en Lisboa para participar en el Web Summit, un ciclo de conferencias.<\/span><\/p>\n<p><span style=\"color: #000000;\">\u00abEspero que m\u00e1s deportistas se atrevan a hablar. Es algo fuera de control, no solo en Hollywood, sino en todas partes\u00bb, denunci\u00f3 la veterana jugadora, de 36 a\u00f1os, en referencia a los numerosos casos de agresiones y abusos sexuales que se est\u00e1n destapando tras las denuncias contra el productor Harvey Weinstein.<\/span><\/p>\n<p><span style=\"color: #000000;\">Tras destaparse el esc\u00e1ndalo Weinstein, acusado por un centenar de actrices o excolaboradoras de acoso sexual, agresiones e incluso violaci\u00f3n, muchas mujeres est\u00e1n tomando la palabra para denunciar este tipo de comportamientos y no s\u00f3lo en la industria cinematogr\u00e1fica.<\/span><\/p>\n<p><span style=\"color: #000000;\">En el deporte, las gimnastas estadounidenses McKayla Maroney y Aly Raisman han denunciado haber sido v\u00edctimas de abusos sexuales por parte de un m\u00e9dico de la selecci\u00f3n.<\/span><\/p>\n<p><span style=\"color: #000000;\">\u00abEspero que m\u00e1s mujeres, sobre todo en el f\u00fatbol, van a denunciar este tipo de comportamientos, explicar lo que han vivido, puesto que un cierto n\u00famero de estos agresores est\u00e1n a\u00fan en activo y contin\u00faan con estos actos\u00bb, a\u00f1adi\u00f3 Solo.<\/span><\/p>\n<p><span style=\"color: #000000;\">La portera asegur\u00f3 tambi\u00e9n que este tipo de comportamiento no solo es propio de los hombres y que ha sufrido \u00abmalas experiencias con jugadoras que a\u00fan est\u00e1n en el equipo\u00bb.<\/span><\/p>\n<p><span style=\"color: #000000;\">\u00abEs importante denunciar que esto no pasa solo con hombres blancos y poderosos. Puede ocurrir en cualquier \u00e1mbito, tambi\u00e9n entre mujeres, y que puede pasar en cualquier sitio\u00bb, concluy\u00f3.<\/span><\/p>\n<p><img fetchpriority=\"high\" decoding=\"async\" class=\"aligncenter size-full wp-image-17918\" src=\"http:\/\/elinformanteperu.com\/wp-content\/uploads\/2017\/11\/FIFA-LOCAL.jpg\" alt=\"\" width=\"1800\" height=\"1198\" srcset=\"https:\/\/elinformanteperu.com\/wp-content\/uploads\/2017\/11\/FIFA-LOCAL.jpg 1800w, https:\/\/elinformanteperu.com\/wp-content\/uploads\/2017\/11\/FIFA-LOCAL-300x200.jpg 300w, https:\/\/elinformanteperu.com\/wp-content\/uploads\/2017\/11\/FIFA-LOCAL-768x511.jpg 768w, https:\/\/elinformanteperu.com\/wp-content\/uploads\/2017\/11\/FIFA-LOCAL-1024x682.jpg 1024w, https:\/\/elinformanteperu.com\/wp-content\/uploads\/2017\/11\/FIFA-LOCAL-128x85.jpg 128w, https:\/\/elinformanteperu.com\/wp-content\/uploads\/2017\/11\/FIFA-LOCAL-32x21.jpg 32w\" sizes=\"(max-width: 1800px) 100vw, 1800px\" \/><\/p>\n","protected":false},"excerpt":{"rendered":"<p>La portera estadounidense Hope Solo acus\u00f3 al expresidente de la FIFA Sepp Blatter de haberle tocado el trasero durante la entrega del Bal\u00f3n de Oro en 2013. Lisboa, 10 Noviembre 2017, (ANDINA).- La portera estadounidense Hope Solo acus\u00f3 al expresidente de la FIFA Sepp Blatter de haberle tocado el trasero durante la entrega del Bal\u00f3n [&hellip;]<\/p>\n","protected":false},"author":1,"featured_media":18335,"comment_status":"open","ping_status":"open","sticky":false,"template":"","format":"standard","meta":{"rop_custom_images_group":[],"rop_custom_messages_group":[],"rop_publish_now":"initial","rop_publish_now_accounts":[],"rop_publish_now_history":[],"rop_publish_now_status":"pending","footnotes":""},"categories":[8],"tags":[268,2403],"class_list":["post-18334","post","type-post","status-publish","format-standard","has-post-thumbnail","hentry","category-disciplinas-deportivas","tag-fifa","tag-sepp-blatter"],"_links":{"self":[{"href":"https:\/\/elinformanteperu.com\/index.php\/wp-json\/wp\/v2\/posts\/18334","targetHints":{"allow":["GET"]}}],"collection":[{"href":"https:\/\/elinformanteperu.com\/index.php\/wp-json\/wp\/v2\/posts"}],"about":[{"href":"https:\/\/elinformanteperu.com\/index.php\/wp-json\/wp\/v2\/types\/post"}],"author":[{"embeddable":true,"href":"https:\/\/elinformanteperu.com\/index.php\/wp-json\/wp\/v2\/users\/1"}],"replies":[{"embeddable":true,"href":"https:\/\/elinformanteperu.com\/index.php\/wp-json\/wp\/v2\/comments?post=18334"}],"version-history":[{"count":1,"href":"https:\/\/elinformanteperu.com\/index.php\/wp-json\/wp\/v2\/posts\/18334\/revisions"}],"predecessor-version":[{"id":18336,"href":"https:\/\/elinformanteperu.com\/index.php\/wp-json\/wp\/v2\/posts\/18334\/revisions\/18336"}],"wp:featuredmedia":[{"embeddable":true,"href":"https:\/\/elinformanteperu.com\/index.php\/wp-json\/wp\/v2\/media\/18335"}],"wp:attachment":[{"href":"https:\/\/elinformanteperu.com\/index.php\/wp-json\/wp\/v2\/media?parent=18334"}],"wp:term":[{"taxonomy":"category","embeddable":true,"href":"https:\/\/elinformanteperu.com\/index.php\/wp-json\/wp\/v2\/categories?post=18334"},{"taxonomy":"post_tag","embeddable":true,"href":"https:\/\/elinformanteperu.com\/index.php\/wp-json\/wp\/v2\/tags?post=18334"}],"curies":[{"name":"wp","href":"https:\/\/api.w.org\/{rel}","templated":true}]}}