{"id":18330,"date":"2017-11-10T23:18:24","date_gmt":"2017-11-11T04:18:24","guid":{"rendered":"http:\/\/elinformanteperu.com\/?p=18330"},"modified":"2017-11-10T23:18:24","modified_gmt":"2017-11-11T04:18:24","slug":"senegal-se-clasifica-para-su-segunda-copa-del-mundo-rusia-2018","status":"publish","type":"post","link":"https:\/\/elinformanteperu.com\/index.php\/2017\/11\/10\/senegal-se-clasifica-para-su-segunda-copa-del-mundo-rusia-2018\/","title":{"rendered":"Senegal se clasifica para su segunda Copa del Mundo Rusia 2018"},"content":{"rendered":"<p><strong><span style=\"color: #000000;\">Senegal se clasific\u00f3 para el Mundial de Rusia-2018 por segunda vez en su historia tras imponerse a Sud\u00e1frica por 2-0, en Polokwane.<\/span><\/strong><\/p>\n<p><span style=\"color: #000000;\"><strong>Polokwane, 10 Noviembre 2017, (ANDINA).-<\/strong> Senegal se clasific\u00f3 para el Mundial de Rusia-2018 por segunda vez en su historia tras imponerse a Sud\u00e1frica por 2-0, en Polokwane.<\/span><\/p>\n<p><span style=\"color: #000000;\">Los Leones de la Teranga, que est\u00e1n invictos en cinco partidos de las eliminatorias africanas, tendr\u00e1n la ocasi\u00f3n de emular en Rusia a sus predecesores, cuartofinalistas en 2002 y que derrotaron a la entonces vigente campeona mundial Francia en el partido de apertura.<\/span><\/p>\n<p><span style=\"color: #000000;\">La selecci\u00f3n senegalesa se une a Egipto y Nigeria como representantes del continente negro en la cita mundialista, por lo que solo restan dos boletos en la zona por distribuir.<\/span><\/p>\n<p><span style=\"color: #000000;\">A T\u00fanez le bastar\u00e1 con un punto el s\u00e1bado para conseguirlo, mientras que Marruecos y Costa de Marfil se disputar\u00e1n el otro en una &#8216;final&#8217;.<\/span><\/p>\n<p><span style=\"color: #000000;\">Con su victoria en suelo sudafricano, Senegal suma 11 puntos, inalcanzable ya para Burkina Faso y Cabo Verde, que tienen 6 y solo resta una jornada para el final. Sud\u00e1frica cierra la llave con solo cuatro unidades.<\/span><\/p>\n<p><span style=\"color: #000000;\">El partido disputado este viernes (ambos equipos volver\u00e1n a verse las caras el martes en el cierre de la zona africana de clasificaci\u00f3n) corresponde al encuentro que la FIFA orden\u00f3 repetir despu\u00e9s de la \u00abmanipulaci\u00f3n del resultado\u00bb del duelo que se disput\u00f3 inicialmente el 12 de noviembre de 2016.<\/span><\/p>\n<p><span style=\"color: #000000;\">El \u00e1rbitro ghan\u00e9s Joseph Lamptey pit\u00f3 entonces un penal imaginario a favor de los sudafricanos, que se impusieron por 2-1 tambi\u00e9n en Polokwane. Por esa acci\u00f3n, el colegiado fue sancionado de por vida por \u00abinfluencia ilegal en el resultado de un partido\u00bb.<\/span><\/p>\n<p><span style=\"color: #000000;\">Aquel partido no lo jug\u00f3 el delantero Diafra Sakho, pero un a\u00f1o despu\u00e9s el futbolista del West Ham ingl\u00e9s fue el encargado de abrir el marcador, en la primera ocasi\u00f3n de gol para su equipo (minuto 13).<\/span><\/p>\n<p><span style=\"color: #000000;\">Tambi\u00e9n estuvo en el origen del segundo tanto, poco antes del descanso, con el que los senegaleses sentenciaron el triunfo, con centro raso que acab\u00f3 introduciendo en su propio arco el defensa sudafricano Thamsanqa Mkhize (38).<\/span><\/p>\n<p><span style=\"color: #000000;\">Un resultado enga\u00f1oso, ya que los Bafana Bafana se mostraron m\u00e1s peligroso e incluso estrellaron un remate en el travesa\u00f1o en el primer periodo.<\/span><\/p>\n<p><span style=\"color: #000000;\">Los senegaleses, dirigidos por Aliou Ciss\u00e9, capit\u00e1n de la selecci\u00f3n en 2002, podr\u00e1n festejar su pase el martes en Dakar con su p\u00fablico ante los sudafricanos.<\/span><\/p>\n<p><img fetchpriority=\"high\" decoding=\"async\" class=\"aligncenter size-full wp-image-18332\" src=\"http:\/\/elinformanteperu.com\/wp-content\/uploads\/2017\/11\/senegal-sudafrica1.jpg\" alt=\"\" width=\"1140\" height=\"712\" srcset=\"https:\/\/elinformanteperu.com\/wp-content\/uploads\/2017\/11\/senegal-sudafrica1.jpg 1140w, https:\/\/elinformanteperu.com\/wp-content\/uploads\/2017\/11\/senegal-sudafrica1-300x187.jpg 300w, https:\/\/elinformanteperu.com\/wp-content\/uploads\/2017\/11\/senegal-sudafrica1-768x480.jpg 768w, https:\/\/elinformanteperu.com\/wp-content\/uploads\/2017\/11\/senegal-sudafrica1-1024x640.jpg 1024w, https:\/\/elinformanteperu.com\/wp-content\/uploads\/2017\/11\/senegal-sudafrica1-128x80.jpg 128w, https:\/\/elinformanteperu.com\/wp-content\/uploads\/2017\/11\/senegal-sudafrica1-32x20.jpg 32w\" sizes=\"(max-width: 1140px) 100vw, 1140px\" \/><\/p>\n","protected":false},"excerpt":{"rendered":"<p>Senegal se clasific\u00f3 para el Mundial de Rusia-2018 por segunda vez en su historia tras imponerse a Sud\u00e1frica por 2-0, en Polokwane. Polokwane, 10 Noviembre 2017, (ANDINA).- Senegal se clasific\u00f3 para el Mundial de Rusia-2018 por segunda vez en su historia tras imponerse a Sud\u00e1frica por 2-0, en Polokwane. Los Leones de la Teranga, que [&hellip;]<\/p>\n","protected":false},"author":1,"featured_media":18331,"comment_status":"open","ping_status":"open","sticky":false,"template":"","format":"standard","meta":{"rop_custom_images_group":[],"rop_custom_messages_group":[],"rop_publish_now":"initial","rop_publish_now_accounts":[],"rop_publish_now_history":[],"rop_publish_now_status":"pending","footnotes":""},"categories":[8],"tags":[140,2330,2402],"class_list":["post-18330","post","type-post","status-publish","format-standard","has-post-thumbnail","hentry","category-disciplinas-deportivas","tag-copa-del-mundo-fifa","tag-mundial-rusia-2018","tag-senegal"],"_links":{"self":[{"href":"https:\/\/elinformanteperu.com\/index.php\/wp-json\/wp\/v2\/posts\/18330","targetHints":{"allow":["GET"]}}],"collection":[{"href":"https:\/\/elinformanteperu.com\/index.php\/wp-json\/wp\/v2\/posts"}],"about":[{"href":"https:\/\/elinformanteperu.com\/index.php\/wp-json\/wp\/v2\/types\/post"}],"author":[{"embeddable":true,"href":"https:\/\/elinformanteperu.com\/index.php\/wp-json\/wp\/v2\/users\/1"}],"replies":[{"embeddable":true,"href":"https:\/\/elinformanteperu.com\/index.php\/wp-json\/wp\/v2\/comments?post=18330"}],"version-history":[{"count":1,"href":"https:\/\/elinformanteperu.com\/index.php\/wp-json\/wp\/v2\/posts\/18330\/revisions"}],"predecessor-version":[{"id":18333,"href":"https:\/\/elinformanteperu.com\/index.php\/wp-json\/wp\/v2\/posts\/18330\/revisions\/18333"}],"wp:featuredmedia":[{"embeddable":true,"href":"https:\/\/elinformanteperu.com\/index.php\/wp-json\/wp\/v2\/media\/18331"}],"wp:attachment":[{"href":"https:\/\/elinformanteperu.com\/index.php\/wp-json\/wp\/v2\/media?parent=18330"}],"wp:term":[{"taxonomy":"category","embeddable":true,"href":"https:\/\/elinformanteperu.com\/index.php\/wp-json\/wp\/v2\/categories?post=18330"},{"taxonomy":"post_tag","embeddable":true,"href":"https:\/\/elinformanteperu.com\/index.php\/wp-json\/wp\/v2\/tags?post=18330"}],"curies":[{"name":"wp","href":"https:\/\/api.w.org\/{rel}","templated":true}]}}