{"id":1833,"date":"2016-11-27T13:58:05","date_gmt":"2016-11-27T18:58:05","guid":{"rendered":"http:\/\/elinformanteperu.com\/?p=1833"},"modified":"2016-11-27T13:58:05","modified_gmt":"2016-11-27T18:58:05","slug":"sera-un-privilegio-para-chile-enfrentar-al-campeon-del-mundo-dice-pizzi","status":"publish","type":"post","link":"https:\/\/elinformanteperu.com\/index.php\/2016\/11\/27\/sera-un-privilegio-para-chile-enfrentar-al-campeon-del-mundo-dice-pizzi\/","title":{"rendered":"Ser\u00e1 un privilegio para Chile enfrentar al campe\u00f3n del mundo, dice Pizzi"},"content":{"rendered":"<p style=\"text-align: justify;\"><strong>Para Chile ser\u00e1 un privilegio enfrentar en la Copa de las Confederaciones 2017 a Alemania, el actual campe\u00f3n del mundo, dijo el t\u00e9cnico de La Roja, \u00a0Juan Antonio Pizzi.<\/strong><\/p>\n<p style=\"text-align: justify;\"><strong>Kaz\u00e1n, 26 Noviembre 2016, (ANDINA).-<\/strong> Para Chile ser\u00e1 un privilegio enfrentar en la Copa de las Confederaciones 2017\u00a0a Alemania, el actual campe\u00f3n del mundo, dijo el t\u00e9cnico de La Roja, el argentino Juan Antonio Pizzi, tras el sorteo que dej\u00f3 a ambas selecciones en el Grupo B.<\/p>\n<p style=\"text-align: justify;\">\u00abEs un privilegio para nosotros poder enfrentar al \u00faltimo campe\u00f3n del mundo. Vamos a disfrutarlo y esperar que las cosas salgan bien. Es una buena prueba para nosotros, ya que rara vez podemos enfrentarnos a estos equipos, pero estamos preparados y venimos con mucha ilusi\u00f3n\u00bb, afirm\u00f3 Pizzi a la televisi\u00f3n chilena en Kaz\u00e1n, adonde se realiz\u00f3 el sorteo.<\/p>\n<p style=\"text-align: justify;\">Chile participar\u00e1 en la Copa de las Confederaciones de Rusia como representante del f\u00fatbol sudamericano tras ganar la Copa Am\u00e9rica-2015. El sorteo determin\u00f3 que La Roja juegue la primera fase con Alemania, Australia y el campe\u00f3n de \u00c1frica, que se conocer\u00e1 en enero.<\/p>\n<p style=\"text-align: justify;\">\u00abNuestra intenci\u00f3n es venir a ganar la Copa y para eso tenemos que presentar el mejor equipo posible\u00bb, asever\u00f3 Pizzi.<\/p>\n<p style=\"text-align: justify;\">El t\u00e9cnico argentino no desestim\u00f3 la idea de viajar a \u00c1frica para presenciar la Copa de Naciones que determinar\u00e1 al campe\u00f3n de ese continente.<\/p>\n<p style=\"text-align: justify;\">\u00abVamos a ver, me parece que la copa es en Gab\u00f3n, vamos a ver si podemos organizarlo para el mes de febrero, pero seguramente alguien del staff t\u00e9cnico ir\u00e1\u00bb, asegur\u00f3.<\/p>\n<p style=\"text-align: justify;\">Chile debutar\u00e1 en la Copa de las Confederaciones ante el campe\u00f3n de \u00c1frica el 18 de junio.<\/p>\n","protected":false},"excerpt":{"rendered":"<p>Para Chile ser\u00e1 un privilegio enfrentar en la Copa de las Confederaciones 2017 a Alemania, el actual campe\u00f3n del mundo, dijo el t\u00e9cnico de La Roja, \u00a0Juan Antonio Pizzi. Kaz\u00e1n, 26 Noviembre 2016, (ANDINA).- Para Chile ser\u00e1 un privilegio enfrentar en la Copa de las Confederaciones 2017\u00a0a Alemania, el actual campe\u00f3n del mundo, dijo el [&hellip;]<\/p>\n","protected":false},"author":1,"featured_media":1834,"comment_status":"open","ping_status":"open","sticky":false,"template":"","format":"standard","meta":{"rop_custom_images_group":[],"rop_custom_messages_group":[],"rop_publish_now":"initial","rop_publish_now_accounts":[],"rop_publish_now_history":[],"rop_publish_now_status":"pending","footnotes":""},"categories":[8],"tags":[173,353,352],"class_list":["post-1833","post","type-post","status-publish","format-standard","has-post-thumbnail","hentry","category-disciplinas-deportivas","tag-chile","tag-copa-de-las-confederaciones-2017","tag-juan-antonio-pizzi"],"_links":{"self":[{"href":"https:\/\/elinformanteperu.com\/index.php\/wp-json\/wp\/v2\/posts\/1833","targetHints":{"allow":["GET"]}}],"collection":[{"href":"https:\/\/elinformanteperu.com\/index.php\/wp-json\/wp\/v2\/posts"}],"about":[{"href":"https:\/\/elinformanteperu.com\/index.php\/wp-json\/wp\/v2\/types\/post"}],"author":[{"embeddable":true,"href":"https:\/\/elinformanteperu.com\/index.php\/wp-json\/wp\/v2\/users\/1"}],"replies":[{"embeddable":true,"href":"https:\/\/elinformanteperu.com\/index.php\/wp-json\/wp\/v2\/comments?post=1833"}],"version-history":[{"count":1,"href":"https:\/\/elinformanteperu.com\/index.php\/wp-json\/wp\/v2\/posts\/1833\/revisions"}],"predecessor-version":[{"id":1835,"href":"https:\/\/elinformanteperu.com\/index.php\/wp-json\/wp\/v2\/posts\/1833\/revisions\/1835"}],"wp:featuredmedia":[{"embeddable":true,"href":"https:\/\/elinformanteperu.com\/index.php\/wp-json\/wp\/v2\/media\/1834"}],"wp:attachment":[{"href":"https:\/\/elinformanteperu.com\/index.php\/wp-json\/wp\/v2\/media?parent=1833"}],"wp:term":[{"taxonomy":"category","embeddable":true,"href":"https:\/\/elinformanteperu.com\/index.php\/wp-json\/wp\/v2\/categories?post=1833"},{"taxonomy":"post_tag","embeddable":true,"href":"https:\/\/elinformanteperu.com\/index.php\/wp-json\/wp\/v2\/tags?post=1833"}],"curies":[{"name":"wp","href":"https:\/\/api.w.org\/{rel}","templated":true}]}}