{"id":18317,"date":"2017-11-10T02:19:20","date_gmt":"2017-11-10T07:19:20","guid":{"rendered":"http:\/\/elinformanteperu.com\/?p=18317"},"modified":"2017-11-10T02:19:20","modified_gmt":"2017-11-10T07:19:20","slug":"marcelo-odebrecht-dio-respuestas-bastante-explicitas-y-exhaustivas-en-interrogatorio","status":"publish","type":"post","link":"https:\/\/elinformanteperu.com\/index.php\/2017\/11\/10\/marcelo-odebrecht-dio-respuestas-bastante-explicitas-y-exhaustivas-en-interrogatorio\/","title":{"rendered":"Marcelo Odebrecht dio respuestas bastante expl\u00edcitas y exhaustivas en interrogatorio"},"content":{"rendered":"<p><strong><span style=\"color: #000000;\">Marcelo Odebrecht, el exdirectivo de la constructora que lleva su apellido, dio respuestas bastante expl\u00edcitas y exhaustivas en el interrogatorio que se le realiz\u00f3.<\/span><\/strong><\/p>\n<p><span style=\"color: #000000;\"><strong>Curitiba, 09 Noviembre 2017, (ANDINA).-<\/strong> Marcelo Odebrecht, el exdirectivo de la constructora que lleva su apellido, dio respuestas bastante expl\u00edcitas y exhaustivas en el interrogatorio que se realiz\u00f3 en el marco de la investigaci\u00f3n que se le hace a Keiko Fujimori, inform\u00f3 hoy el Ministerio P\u00fablico de Per\u00fa.<\/span><\/p>\n<p><span style=\"color: #000000;\">\u201cEl se\u00f1or Marcelo Odebrecht ha sido bastante expl\u00edcito en todas sus respuestas, la diligencia ha durado m\u00e1s de cuatro horas y es parte de nuestras obligaciones mantener el sigilo del contenido\u201d, declar\u00f3 el coordinador nacional de las Fiscal\u00edas Especializadas en Delito de Lavado de Activos y P\u00e9rdida de Dominio, Rafael Vela, desde Curitiba.<\/span><\/p>\n<p><span style=\"color: #000000;\">Refiri\u00f3 que el interrogatorio que dur\u00f3 m\u00e1s de cuatro fue satisfactorio porque Marcelo Odebrecht respondi\u00f3 todas las preguntas del Ministerio P\u00fablico y de la defensa de la lideresa de Fuerza Popular, Keiko Fujimori.<\/span><\/p>\n<p><span style=\"color: #000000;\">\u201cLa diligencia se realiz\u00f3 sin contratiempos, el se\u00f1or Marcelo Odebrecht ha respondido todo el cuestionario de la Fiscal\u00eda, tambi\u00e9n se formularon preguntas por parte de la defensa se\u00f1ora Fujimori y del partido de Fuerza Popular y a partir de esas declaraciones estamos satisfechos con el desarrollo de la diligencia\u201d, precis\u00f3.<\/span><\/p>\n<p><span style=\"color: #000000;\">Marcelo Odebrecht declar\u00f3 ante fiscales peruanos por m\u00e1s de 4 horas en la sede de la Polic\u00eda Federal de Curitiba, donde est\u00e1 recluido.<\/span><\/p>\n<p><span style=\"color: #000000;\">El exCEO de la constructora que lleva su apellido respondi\u00f3 a las m\u00e1s de 40 preguntas que le formularon respecto a las anotaciones que hizo en sus agendas, entre ellas las referidas a \u00abKeiko\u00bb, \u201cAG\u201d y \u201cOH\u201d.<\/span><\/p>\n<p><span style=\"color: #000000;\">\u201cHan sido respuestas bastantes exhaustivas y detalladas (&#8230;)\u201d, remarc\u00f3 el fiscal Rafael Vela.<\/span><\/p>\n","protected":false},"excerpt":{"rendered":"<p>Marcelo Odebrecht, el exdirectivo de la constructora que lleva su apellido, dio respuestas bastante expl\u00edcitas y exhaustivas en el interrogatorio que se le realiz\u00f3. Curitiba, 09 Noviembre 2017, (ANDINA).- Marcelo Odebrecht, el exdirectivo de la constructora que lleva su apellido, dio respuestas bastante expl\u00edcitas y exhaustivas en el interrogatorio que se realiz\u00f3 en el marco [&hellip;]<\/p>\n","protected":false},"author":1,"featured_media":18318,"comment_status":"open","ping_status":"open","sticky":false,"template":"","format":"standard","meta":{"rop_custom_images_group":[],"rop_custom_messages_group":[],"rop_publish_now":"initial","rop_publish_now_accounts":[],"rop_publish_now_history":[],"rop_publish_now_status":"pending","footnotes":""},"categories":[5],"tags":[854,557,1409],"class_list":["post-18317","post","type-post","status-publish","format-standard","has-post-thumbnail","hentry","category-actualidad-informativa","tag-alan-garcia","tag-keiko-fujimori","tag-marcelo-odebrecht"],"_links":{"self":[{"href":"https:\/\/elinformanteperu.com\/index.php\/wp-json\/wp\/v2\/posts\/18317","targetHints":{"allow":["GET"]}}],"collection":[{"href":"https:\/\/elinformanteperu.com\/index.php\/wp-json\/wp\/v2\/posts"}],"about":[{"href":"https:\/\/elinformanteperu.com\/index.php\/wp-json\/wp\/v2\/types\/post"}],"author":[{"embeddable":true,"href":"https:\/\/elinformanteperu.com\/index.php\/wp-json\/wp\/v2\/users\/1"}],"replies":[{"embeddable":true,"href":"https:\/\/elinformanteperu.com\/index.php\/wp-json\/wp\/v2\/comments?post=18317"}],"version-history":[{"count":1,"href":"https:\/\/elinformanteperu.com\/index.php\/wp-json\/wp\/v2\/posts\/18317\/revisions"}],"predecessor-version":[{"id":18319,"href":"https:\/\/elinformanteperu.com\/index.php\/wp-json\/wp\/v2\/posts\/18317\/revisions\/18319"}],"wp:featuredmedia":[{"embeddable":true,"href":"https:\/\/elinformanteperu.com\/index.php\/wp-json\/wp\/v2\/media\/18318"}],"wp:attachment":[{"href":"https:\/\/elinformanteperu.com\/index.php\/wp-json\/wp\/v2\/media?parent=18317"}],"wp:term":[{"taxonomy":"category","embeddable":true,"href":"https:\/\/elinformanteperu.com\/index.php\/wp-json\/wp\/v2\/categories?post=18317"},{"taxonomy":"post_tag","embeddable":true,"href":"https:\/\/elinformanteperu.com\/index.php\/wp-json\/wp\/v2\/tags?post=18317"}],"curies":[{"name":"wp","href":"https:\/\/api.w.org\/{rel}","templated":true}]}}