{"id":18296,"date":"2017-11-10T01:21:48","date_gmt":"2017-11-10T06:21:48","guid":{"rendered":"http:\/\/elinformanteperu.com\/?p=18296"},"modified":"2017-11-10T01:21:48","modified_gmt":"2017-11-10T06:21:48","slug":"jose-jose-afirma-que-esta-venciendo-el-cancer","status":"publish","type":"post","link":"https:\/\/elinformanteperu.com\/index.php\/2017\/11\/10\/jose-jose-afirma-que-esta-venciendo-el-cancer\/","title":{"rendered":"Jos\u00e9 Jos\u00e9 afirma que est\u00e1 venciendo el c\u00e1ncer"},"content":{"rendered":"<p><strong><span style=\"color: #000000;\">El cantante, Jos\u00e9 Jos\u00e9, confirm\u00f3 que est\u00e1 venciendo el c\u00e1ncer con diversos tratamientos y que espera que muy pronto los galenos a cargo de su estado de salud oficialicen el alta.<\/span><\/strong><\/p>\n<p><span style=\"color: #000000;\"><strong>Lima, 09 Noviembre 2017, (ANDINA).-<\/strong> El cantante, Jos\u00e9 Jos\u00e9 confirm\u00f3 que est\u00e1 venciendo el c\u00e1ncer con diversos tratamientos y que espera que muy pronto los galenos a cargo de su estado de salud oficialicen el alta.<\/span><\/p>\n<p><span style=\"color: #000000;\">El cantante como se sabe sigue intensos tratamientos contra el c\u00e1ncer de p\u00e1ncreas que padece.<\/span><\/p>\n<p><span style=\"color: #000000;\">En declaraciones a medios de comunicaci\u00f3n en Ciudad de M\u00e9xico, \u00abEl pr\u00edncipe de la canci\u00f3n\u00bb dio detalles de los tratamientos que ha llevado para combatirlo, pero sobre todo ha sido ejemplo de fortaleza para superar estos dif\u00edciles momentos.<\/span><\/p>\n<p><span style=\"color: #000000;\">De otro lado, la serie sobre su vida ya est\u00e1 en marcha y contendr\u00e1 detalles poco conocidos.<\/span><\/p>\n<p><iframe src=\"https:\/\/www.youtube-nocookie.com\/embed\/_QMmM0Yo5K4?rel=0&amp;controls=0&amp;showinfo=0\" width=\"560\" height=\"315\" frameborder=\"0\" allowfullscreen=\"allowfullscreen\"><\/iframe><\/p>\n","protected":false},"excerpt":{"rendered":"<p>El cantante, Jos\u00e9 Jos\u00e9, confirm\u00f3 que est\u00e1 venciendo el c\u00e1ncer con diversos tratamientos y que espera que muy pronto los galenos a cargo de su estado de salud oficialicen el alta. Lima, 09 Noviembre 2017, (ANDINA).- El cantante, Jos\u00e9 Jos\u00e9 confirm\u00f3 que est\u00e1 venciendo el c\u00e1ncer con diversos tratamientos y que espera que muy pronto [&hellip;]<\/p>\n","protected":false},"author":1,"featured_media":18297,"comment_status":"open","ping_status":"open","sticky":false,"template":"","format":"standard","meta":{"rop_custom_images_group":[],"rop_custom_messages_group":[],"rop_publish_now":"initial","rop_publish_now_accounts":[],"rop_publish_now_history":[],"rop_publish_now_status":"pending","footnotes":""},"categories":[69],"tags":[1237],"class_list":["post-18296","post","type-post","status-publish","format-standard","has-post-thumbnail","hentry","category-musica","tag-jose-jose"],"_links":{"self":[{"href":"https:\/\/elinformanteperu.com\/index.php\/wp-json\/wp\/v2\/posts\/18296","targetHints":{"allow":["GET"]}}],"collection":[{"href":"https:\/\/elinformanteperu.com\/index.php\/wp-json\/wp\/v2\/posts"}],"about":[{"href":"https:\/\/elinformanteperu.com\/index.php\/wp-json\/wp\/v2\/types\/post"}],"author":[{"embeddable":true,"href":"https:\/\/elinformanteperu.com\/index.php\/wp-json\/wp\/v2\/users\/1"}],"replies":[{"embeddable":true,"href":"https:\/\/elinformanteperu.com\/index.php\/wp-json\/wp\/v2\/comments?post=18296"}],"version-history":[{"count":1,"href":"https:\/\/elinformanteperu.com\/index.php\/wp-json\/wp\/v2\/posts\/18296\/revisions"}],"predecessor-version":[{"id":18298,"href":"https:\/\/elinformanteperu.com\/index.php\/wp-json\/wp\/v2\/posts\/18296\/revisions\/18298"}],"wp:featuredmedia":[{"embeddable":true,"href":"https:\/\/elinformanteperu.com\/index.php\/wp-json\/wp\/v2\/media\/18297"}],"wp:attachment":[{"href":"https:\/\/elinformanteperu.com\/index.php\/wp-json\/wp\/v2\/media?parent=18296"}],"wp:term":[{"taxonomy":"category","embeddable":true,"href":"https:\/\/elinformanteperu.com\/index.php\/wp-json\/wp\/v2\/categories?post=18296"},{"taxonomy":"post_tag","embeddable":true,"href":"https:\/\/elinformanteperu.com\/index.php\/wp-json\/wp\/v2\/tags?post=18296"}],"curies":[{"name":"wp","href":"https:\/\/api.w.org\/{rel}","templated":true}]}}