{"id":18288,"date":"2017-11-09T01:24:59","date_gmt":"2017-11-09T06:24:59","guid":{"rendered":"http:\/\/elinformanteperu.com\/?p=18288"},"modified":"2017-11-09T01:24:59","modified_gmt":"2017-11-09T06:24:59","slug":"poder-judicial-dicta-comparecencia-con-restricciones-a-excontralor-alarcon","status":"publish","type":"post","link":"https:\/\/elinformanteperu.com\/index.php\/2017\/11\/09\/poder-judicial-dicta-comparecencia-con-restricciones-a-excontralor-alarcon\/","title":{"rendered":"Poder Judicial dicta comparecencia con restricciones a excontralor Alarc\u00f3n"},"content":{"rendered":"<p><strong><span style=\"color: #000000;\">El Segundo Juzgado de Investigaci\u00f3n Preparatoria de la Corte de Lima dict\u00f3 comparecencia con restricciones para el excontralor de la Rep\u00fablica, \u00c9dgar Alarc\u00f3n Tejada.<\/span><\/strong><\/p>\n<p><span style=\"color: #000000;\"><strong>Lima, 08 Noviembre 2017, (ANDINA).-<\/strong> El Segundo Juzgado de Investigaci\u00f3n Preparatoria de la Corte de Lima dict\u00f3 comparecencia con restricciones para el excontralor de la Rep\u00fablica, \u00c9dgar Alarc\u00f3n Tejada, por los delitos contra la administraci\u00f3n p\u00fablica, peculado doloso y colusi\u00f3n agravada en agravio del Estado.<\/span><\/p>\n<p><span style=\"color: #000000;\">La magistrada Ingrid Morales Deza, a cargo del referido juzgado, impuso a Alarc\u00f3n la obligaci\u00f3n de no ausentarse de la localidad en que reside, sin previa autorizaci\u00f3n judicial.<\/span><\/p>\n<p><span style=\"color: #000000;\">Asimismo, le orden\u00f3 concurrir a las citaciones que disponga el \u00f3rgano jurisdiccional o la Fiscal\u00eda las veces en las que sea requerida su presencia.<\/span><\/p>\n<p><span style=\"color: #000000;\">En caso Alarc\u00f3n incumpla estas reglas de conducta, la medida de comparecencia ser\u00e1 revocada y se le impondr\u00e1 mandato de prisi\u00f3n preventiva, previo requerimiento.<\/span><\/p>\n<p><span style=\"color: #000000;\">De acuerdo a la Fiscal\u00eda, Alarc\u00f3n Tejada desde los altos cargos que ocup\u00f3 en la Contralor\u00eda General de la Rep\u00fablica, junto a otros 16 investigados, habr\u00eda efectuado de manera irregular 120 convenios laborales de mutuo disenso entre los a\u00f1os 2010 al 2016.<\/span><\/p>\n<p><span style=\"color: #000000;\">Entre los beneficiados con los convenios figura Marcela Mej\u00eda Franco, expareja sentimental de Alarc\u00f3n Tejada (tambi\u00e9n investigada). Para ella y otros investigados el mencionado juzgado dict\u00f3 comparecencia simple.<\/span><\/p>\n","protected":false},"excerpt":{"rendered":"<p>El Segundo Juzgado de Investigaci\u00f3n Preparatoria de la Corte de Lima dict\u00f3 comparecencia con restricciones para el excontralor de la Rep\u00fablica, \u00c9dgar Alarc\u00f3n Tejada. Lima, 08 Noviembre 2017, (ANDINA).- El Segundo Juzgado de Investigaci\u00f3n Preparatoria de la Corte de Lima dict\u00f3 comparecencia con restricciones para el excontralor de la Rep\u00fablica, \u00c9dgar Alarc\u00f3n Tejada, por los [&hellip;]<\/p>\n","protected":false},"author":1,"featured_media":10434,"comment_status":"open","ping_status":"open","sticky":false,"template":"","format":"standard","meta":{"rop_custom_images_group":[],"rop_custom_messages_group":[],"rop_publish_now":"initial","rop_publish_now_accounts":[],"rop_publish_now_history":[],"rop_publish_now_status":"pending","footnotes":""},"categories":[5],"tags":[177,855,370,163],"class_list":["post-18288","post","type-post","status-publish","format-standard","has-post-thumbnail","hentry","category-actualidad-informativa","tag-contraloria","tag-edgar-alarcon","tag-ministerio-publico","tag-poder-judicial"],"_links":{"self":[{"href":"https:\/\/elinformanteperu.com\/index.php\/wp-json\/wp\/v2\/posts\/18288","targetHints":{"allow":["GET"]}}],"collection":[{"href":"https:\/\/elinformanteperu.com\/index.php\/wp-json\/wp\/v2\/posts"}],"about":[{"href":"https:\/\/elinformanteperu.com\/index.php\/wp-json\/wp\/v2\/types\/post"}],"author":[{"embeddable":true,"href":"https:\/\/elinformanteperu.com\/index.php\/wp-json\/wp\/v2\/users\/1"}],"replies":[{"embeddable":true,"href":"https:\/\/elinformanteperu.com\/index.php\/wp-json\/wp\/v2\/comments?post=18288"}],"version-history":[{"count":1,"href":"https:\/\/elinformanteperu.com\/index.php\/wp-json\/wp\/v2\/posts\/18288\/revisions"}],"predecessor-version":[{"id":18289,"href":"https:\/\/elinformanteperu.com\/index.php\/wp-json\/wp\/v2\/posts\/18288\/revisions\/18289"}],"wp:featuredmedia":[{"embeddable":true,"href":"https:\/\/elinformanteperu.com\/index.php\/wp-json\/wp\/v2\/media\/10434"}],"wp:attachment":[{"href":"https:\/\/elinformanteperu.com\/index.php\/wp-json\/wp\/v2\/media?parent=18288"}],"wp:term":[{"taxonomy":"category","embeddable":true,"href":"https:\/\/elinformanteperu.com\/index.php\/wp-json\/wp\/v2\/categories?post=18288"},{"taxonomy":"post_tag","embeddable":true,"href":"https:\/\/elinformanteperu.com\/index.php\/wp-json\/wp\/v2\/tags?post=18288"}],"curies":[{"name":"wp","href":"https:\/\/api.w.org\/{rel}","templated":true}]}}