{"id":18279,"date":"2017-11-09T01:12:28","date_gmt":"2017-11-09T06:12:28","guid":{"rendered":"http:\/\/elinformanteperu.com\/?p=18279"},"modified":"2017-11-09T01:12:28","modified_gmt":"2017-11-09T06:12:28","slug":"lescano-denunciara-ante-comision-de-etica-a-becerril-y-letona","status":"publish","type":"post","link":"https:\/\/elinformanteperu.com\/index.php\/2017\/11\/09\/lescano-denunciara-ante-comision-de-etica-a-becerril-y-letona\/","title":{"rendered":"Lescano denunciar\u00e1 ante Comisi\u00f3n de \u00c9tica a Becerril y Letona"},"content":{"rendered":"<p><strong><span style=\"color: #000000;\">El congresista de la bancada de Acci\u00f3n Popular (AP), Yonhy Lescano, denunciar\u00e1 ante la Comisi\u00f3n de \u00c9tica a los legisladores de Fuerza Popular \u00darsula Letona y H\u00e9ctor Becerril.<\/span><\/strong><\/p>\n<p><span style=\"color: #000000;\"><strong>Lima, 08 Noviembre 2017, (ANDINA).-<\/strong> El congresista de la bancada de Acci\u00f3n Popular (AP), Yonhy Lescano, denunciar\u00e1 ante la Comisi\u00f3n de \u00c9tica a los legisladores de Fuerza Popular \u00darsula Letona y H\u00e9ctor Becerril, debido a los agravios verbales que sufriera en un debate parlamentario.<\/span><\/p>\n<p><span style=\"color: #000000;\">Lescano sostuvo que en esta sesi\u00f3n ambos congresistas lanzaron adjetivos ofensivos en su contra solo porque emiti\u00f3 una opini\u00f3n pol\u00edtica referida a la bancada de Fuerza Popular.<\/span><\/p>\n<p><span style=\"color: #000000;\">\u201cEstaba haciendo un debate pol\u00edtico y dije que el fujimorismo ten\u00eda doble moral y se me comenz\u00f3 a agraviar por parte de algunos congresistas. Letona me dijo \u00abCantinflas\u00bb, abusando de su cargo de presidenta de la Comisi\u00f3n (de Constituci\u00f3n), esto est\u00e1 llegando a extremos\u201d, dijo.<\/span><\/p>\n<p><span style=\"color: #000000;\">En tal sentido, dijo que ya dialog\u00f3 con los representantes de su bancada y se acord\u00f3 que en breve estar\u00e1n presentando la denuncia respectiva ante la Comisi\u00f3n de \u00c9tica.<\/span><\/p>\n<p><span style=\"color: #000000;\">Consultado por la prensa sobre el alcance de esta denuncia, dijo que tambi\u00e9n incluir\u00eda al congresista fujimorista H\u00e9ctor Becerril, quien tild\u00f3 a Lescano de \u201cpayaso\u201d, durante la sesi\u00f3n de ayer en la Comisi\u00f3n de Constituci\u00f3n.<\/span><\/p>\n<p><span style=\"color: #000000;\">El legislador de AP dijo que es necesario hacer este tipo de denuncias, ya que en los debates los legisladores opositores al fujimorismo reciben constantes agresiones y se les pretende violar sus derechos constitucionales a la participaci\u00f3n pol\u00edtica y la libertad de opini\u00f3n.<\/span><\/p>\n<p><span style=\"color: #000000;\">\u201cSe nos hace retirar la palabra constantemente y luego nos insultan, siendo opiniones durante el debate y esto no puede volver a ocurrir porque ya es un exceso\u201d, sostuvo.<\/span><\/p>\n","protected":false},"excerpt":{"rendered":"<p>El congresista de la bancada de Acci\u00f3n Popular (AP), Yonhy Lescano, denunciar\u00e1 ante la Comisi\u00f3n de \u00c9tica a los legisladores de Fuerza Popular \u00darsula Letona y H\u00e9ctor Becerril. Lima, 08 Noviembre 2017, (ANDINA).- El congresista de la bancada de Acci\u00f3n Popular (AP), Yonhy Lescano, denunciar\u00e1 ante la Comisi\u00f3n de \u00c9tica a los legisladores de Fuerza [&hellip;]<\/p>\n","protected":false},"author":1,"featured_media":14376,"comment_status":"open","ping_status":"open","sticky":false,"template":"","format":"standard","meta":{"rop_custom_images_group":[],"rop_custom_messages_group":[],"rop_publish_now":"initial","rop_publish_now_accounts":[],"rop_publish_now_history":[],"rop_publish_now_status":"pending","footnotes":""},"categories":[5],"tags":[192,327,926,475],"class_list":["post-18279","post","type-post","status-publish","format-standard","has-post-thumbnail","hentry","category-actualidad-informativa","tag-congreso","tag-hector-becerril","tag-ursula-letona","tag-yonhy-lescano"],"_links":{"self":[{"href":"https:\/\/elinformanteperu.com\/index.php\/wp-json\/wp\/v2\/posts\/18279","targetHints":{"allow":["GET"]}}],"collection":[{"href":"https:\/\/elinformanteperu.com\/index.php\/wp-json\/wp\/v2\/posts"}],"about":[{"href":"https:\/\/elinformanteperu.com\/index.php\/wp-json\/wp\/v2\/types\/post"}],"author":[{"embeddable":true,"href":"https:\/\/elinformanteperu.com\/index.php\/wp-json\/wp\/v2\/users\/1"}],"replies":[{"embeddable":true,"href":"https:\/\/elinformanteperu.com\/index.php\/wp-json\/wp\/v2\/comments?post=18279"}],"version-history":[{"count":1,"href":"https:\/\/elinformanteperu.com\/index.php\/wp-json\/wp\/v2\/posts\/18279\/revisions"}],"predecessor-version":[{"id":18280,"href":"https:\/\/elinformanteperu.com\/index.php\/wp-json\/wp\/v2\/posts\/18279\/revisions\/18280"}],"wp:featuredmedia":[{"embeddable":true,"href":"https:\/\/elinformanteperu.com\/index.php\/wp-json\/wp\/v2\/media\/14376"}],"wp:attachment":[{"href":"https:\/\/elinformanteperu.com\/index.php\/wp-json\/wp\/v2\/media?parent=18279"}],"wp:term":[{"taxonomy":"category","embeddable":true,"href":"https:\/\/elinformanteperu.com\/index.php\/wp-json\/wp\/v2\/categories?post=18279"},{"taxonomy":"post_tag","embeddable":true,"href":"https:\/\/elinformanteperu.com\/index.php\/wp-json\/wp\/v2\/tags?post=18279"}],"curies":[{"name":"wp","href":"https:\/\/api.w.org\/{rel}","templated":true}]}}