{"id":18275,"date":"2017-11-09T01:07:15","date_gmt":"2017-11-09T06:07:15","guid":{"rendered":"http:\/\/elinformanteperu.com\/?p=18275"},"modified":"2017-11-09T01:07:15","modified_gmt":"2017-11-09T06:07:15","slug":"condenados-por-terrorismo-no-podran-laborar-en-el-sector-publico","status":"publish","type":"post","link":"https:\/\/elinformanteperu.com\/index.php\/2017\/11\/09\/condenados-por-terrorismo-no-podran-laborar-en-el-sector-publico\/","title":{"rendered":"Condenados por terrorismo no podr\u00e1n laborar en el sector p\u00fablico"},"content":{"rendered":"<p><strong><span style=\"color: #000000;\">Las personas condenadas por terrorismo estar\u00e1n impedidas de laborar en el sector p\u00fablico, seg\u00fan el proyecto de ley aprobado por la Comisi\u00f3n de Fiscalizaci\u00f3n.<\/span><\/strong><\/p>\n<p><span style=\"color: #000000;\"><strong>Lima, 08 Noviembre 2017, (ANDINA).-<\/strong> Las personas condenadas por terrorismo estar\u00e1n impedidas de laborar en el sector p\u00fablico, seg\u00fan el proyecto de ley aprobado por la Comisi\u00f3n de Fiscalizaci\u00f3n.<\/span><\/p>\n<p><span style=\"color: #000000;\">Se trata del proyecto de ley N\u00b0 1810\/2017-CR, que establece como requisito para trabajar en el sector p\u00fablico no tener condena por terrorismo o apolog\u00eda del terrorismo.<\/span><\/p>\n<p><span style=\"color: #000000;\">La iniciativa legal precisa, en ese sentido, que la rehabilitaci\u00f3n de un condenado, luego de cumplir su sentencia, no lo habilita para laborar en el sector p\u00fablico.<\/span><\/p>\n<p><span style=\"color: #000000;\">La propuesta alcanza a todas las entidades de la administraci\u00f3n p\u00fablica que tengan cualquier r\u00e9gimen laboral general o especial vigente para la contrataci\u00f3n de personal.<\/span><\/p>\n<p><span style=\"color: #000000;\">Estar\u00e1 vigente a los 90 d\u00edas de su publicaci\u00f3n, a fin de que las entidades adecuen su procedimiento de selecci\u00f3n de personal para incorporar el requisito se\u00f1alado.<\/span><\/p>\n<p><span style=\"color: #000000;\">El proyecto, propuesto por el legislador H\u00e9ctor Becerril, fue aprobado por la Comisi\u00f3n de Fiscalizaci\u00f3n, y corresponde su traslado al pleno del Parlamento para su aprobaci\u00f3n final.<\/span><\/p>\n","protected":false},"excerpt":{"rendered":"<p>Las personas condenadas por terrorismo estar\u00e1n impedidas de laborar en el sector p\u00fablico, seg\u00fan el proyecto de ley aprobado por la Comisi\u00f3n de Fiscalizaci\u00f3n. Lima, 08 Noviembre 2017, (ANDINA).- Las personas condenadas por terrorismo estar\u00e1n impedidas de laborar en el sector p\u00fablico, seg\u00fan el proyecto de ley aprobado por la Comisi\u00f3n de Fiscalizaci\u00f3n. Se trata [&hellip;]<\/p>\n","protected":false},"author":1,"featured_media":17122,"comment_status":"open","ping_status":"open","sticky":false,"template":"","format":"standard","meta":{"rop_custom_images_group":[],"rop_custom_messages_group":[],"rop_publish_now":"initial","rop_publish_now_accounts":[],"rop_publish_now_history":[],"rop_publish_now_status":"pending","footnotes":""},"categories":[5],"tags":[192,327,1059,1509],"class_list":["post-18275","post","type-post","status-publish","format-standard","has-post-thumbnail","hentry","category-actualidad-informativa","tag-congreso","tag-hector-becerril","tag-sendero-luminoso","tag-terrorismo"],"_links":{"self":[{"href":"https:\/\/elinformanteperu.com\/index.php\/wp-json\/wp\/v2\/posts\/18275","targetHints":{"allow":["GET"]}}],"collection":[{"href":"https:\/\/elinformanteperu.com\/index.php\/wp-json\/wp\/v2\/posts"}],"about":[{"href":"https:\/\/elinformanteperu.com\/index.php\/wp-json\/wp\/v2\/types\/post"}],"author":[{"embeddable":true,"href":"https:\/\/elinformanteperu.com\/index.php\/wp-json\/wp\/v2\/users\/1"}],"replies":[{"embeddable":true,"href":"https:\/\/elinformanteperu.com\/index.php\/wp-json\/wp\/v2\/comments?post=18275"}],"version-history":[{"count":1,"href":"https:\/\/elinformanteperu.com\/index.php\/wp-json\/wp\/v2\/posts\/18275\/revisions"}],"predecessor-version":[{"id":18276,"href":"https:\/\/elinformanteperu.com\/index.php\/wp-json\/wp\/v2\/posts\/18275\/revisions\/18276"}],"wp:featuredmedia":[{"embeddable":true,"href":"https:\/\/elinformanteperu.com\/index.php\/wp-json\/wp\/v2\/media\/17122"}],"wp:attachment":[{"href":"https:\/\/elinformanteperu.com\/index.php\/wp-json\/wp\/v2\/media?parent=18275"}],"wp:term":[{"taxonomy":"category","embeddable":true,"href":"https:\/\/elinformanteperu.com\/index.php\/wp-json\/wp\/v2\/categories?post=18275"},{"taxonomy":"post_tag","embeddable":true,"href":"https:\/\/elinformanteperu.com\/index.php\/wp-json\/wp\/v2\/tags?post=18275"}],"curies":[{"name":"wp","href":"https:\/\/api.w.org\/{rel}","templated":true}]}}