{"id":18219,"date":"2017-11-08T00:28:05","date_gmt":"2017-11-08T05:28:05","guid":{"rendered":"http:\/\/elinformanteperu.com\/?p=18219"},"modified":"2017-11-08T00:28:05","modified_gmt":"2017-11-08T05:28:05","slug":"galarreta-es-peligroso-cambiar-la-palabra-terrorismo-por-conflicto-interno-en-ensenanza-a-ninos","status":"publish","type":"post","link":"https:\/\/elinformanteperu.com\/index.php\/2017\/11\/08\/galarreta-es-peligroso-cambiar-la-palabra-terrorismo-por-conflicto-interno-en-ensenanza-a-ninos\/","title":{"rendered":"Galarreta: Es peligroso cambiar la palabra terrorismo por conflicto interno en ense\u00f1anza a ni\u00f1os"},"content":{"rendered":"<p><strong><span style=\"color: #000000;\">El presidente del Congreso, Luis Galarreta consider\u00f3 como muy peligroso cambiar la palabra terrorismo por la de conflicto interno en la \u201cGu\u00eda del Maestro\u201d.<\/span><\/strong><\/p>\n<p><span style=\"color: #000000;\"><strong>Lima, 07 Noviembre 2017, (ANDINA).-<\/strong> El presidente del Congreso, Luis Galarreta, consider\u00f3 como muy peligroso cambiar la palabra terrorismo por la de conflicto interno en la \u201cGu\u00eda del Maestro\u201d empleada en los colegios p\u00fablicos para la ense\u00f1anza de los escolares de nivel primaria y secundaria.<\/span><\/p>\n<p><span style=\"color: #000000;\">\u201cLo que me preocupa es la gu\u00eda que llevan nuestros profesores y los textos que est\u00e1n totalmente distorsionados y politizados por mezquindades pol\u00edticas, pareciera que se hubieran infiltrados los que perdieron la batalla pol\u00edtica hace a\u00f1os para escribir esos textos\u201d, refiri\u00f3.<\/span><\/p>\n<p><span style=\"color: #000000;\">Galarreta particip\u00f3 en la mesa de trabajo \u201cLos contenidos educativos sobre el terrorismo en los textos escolares de la Educaci\u00f3n B\u00e1sica Regular\u201d, organizado por la Comisi\u00f3n de Educaci\u00f3n, Juventud y Deporte, que preside la congresista Paloma Noceda.<\/span><\/p>\n<p><span style=\"color: #000000;\">Indic\u00f3 que la gu\u00eda de profesores habla del \u201cfamoso conflicto interno\u201d y elimina la palabra terrorismo a nivel de profesores y de los alumnos.<\/span><\/p>\n<p><span style=\"color: #000000;\">\u201cContar la historia del pa\u00eds con un sesgo ideologizado-pol\u00edtico ya resulta m\u00e1s que peligroso. Es muy peligroso ense\u00f1ar a los ni\u00f1os que la palabra terrorismo no existe sino la de conflicto social o interno\u201d, sostuvo.<\/span><\/p>\n<p><span style=\"color: #000000;\">Indic\u00f3 que el mejor homenaje a los miembros del Grupo Especial de Inteligencia Nacional (GEIN) o a los comandos Chav\u00edn de Hu\u00e1ntar es mirar los textos de educaci\u00f3n con los cuales se preparan los ni\u00f1os.<\/span><\/p>\n<p><span style=\"color: #000000;\">\u201cEsto no se quedar\u00e1 as\u00ed, el propio Ministerio de Educaci\u00f3n lo ha entendido de esa manera\u201d, acot\u00f3, tras adelantar que en los pr\u00f3ximos d\u00edas el Parlamento firmar\u00e1 un convenio con esta Cartera para que \u201csepan nuestros ni\u00f1os qu\u00e9 es democracia\u201d.<\/span><\/p>\n<p><span style=\"color: #000000;\">Sostuvo que es fundamental dejar en claro que \u201cen el Per\u00fa hemos tenido un grupo terrorista, asesino, que someti\u00f3 a una sociedad jaqueada en su Estado de Derecho, pero que lamentablemente la mezquindad pol\u00edtica\u201d la ha confundido y distorsi\u00f3n la historia.<\/span><\/p>\n","protected":false},"excerpt":{"rendered":"<p>El presidente del Congreso, Luis Galarreta consider\u00f3 como muy peligroso cambiar la palabra terrorismo por la de conflicto interno en la \u201cGu\u00eda del Maestro\u201d. Lima, 07 Noviembre 2017, (ANDINA).- El presidente del Congreso, Luis Galarreta, consider\u00f3 como muy peligroso cambiar la palabra terrorismo por la de conflicto interno en la \u201cGu\u00eda del Maestro\u201d empleada en [&hellip;]<\/p>\n","protected":false},"author":1,"featured_media":10717,"comment_status":"open","ping_status":"open","sticky":false,"template":"","format":"standard","meta":{"rop_custom_images_group":[],"rop_custom_messages_group":[],"rop_publish_now":"initial","rop_publish_now_accounts":[],"rop_publish_now_history":[],"rop_publish_now_status":"pending","footnotes":""},"categories":[5],"tags":[192,382,328],"class_list":["post-18219","post","type-post","status-publish","format-standard","has-post-thumbnail","hentry","category-actualidad-informativa","tag-congreso","tag-luis-galarreta","tag-ministerio-de-de-educacion"],"_links":{"self":[{"href":"https:\/\/elinformanteperu.com\/index.php\/wp-json\/wp\/v2\/posts\/18219","targetHints":{"allow":["GET"]}}],"collection":[{"href":"https:\/\/elinformanteperu.com\/index.php\/wp-json\/wp\/v2\/posts"}],"about":[{"href":"https:\/\/elinformanteperu.com\/index.php\/wp-json\/wp\/v2\/types\/post"}],"author":[{"embeddable":true,"href":"https:\/\/elinformanteperu.com\/index.php\/wp-json\/wp\/v2\/users\/1"}],"replies":[{"embeddable":true,"href":"https:\/\/elinformanteperu.com\/index.php\/wp-json\/wp\/v2\/comments?post=18219"}],"version-history":[{"count":1,"href":"https:\/\/elinformanteperu.com\/index.php\/wp-json\/wp\/v2\/posts\/18219\/revisions"}],"predecessor-version":[{"id":18220,"href":"https:\/\/elinformanteperu.com\/index.php\/wp-json\/wp\/v2\/posts\/18219\/revisions\/18220"}],"wp:featuredmedia":[{"embeddable":true,"href":"https:\/\/elinformanteperu.com\/index.php\/wp-json\/wp\/v2\/media\/10717"}],"wp:attachment":[{"href":"https:\/\/elinformanteperu.com\/index.php\/wp-json\/wp\/v2\/media?parent=18219"}],"wp:term":[{"taxonomy":"category","embeddable":true,"href":"https:\/\/elinformanteperu.com\/index.php\/wp-json\/wp\/v2\/categories?post=18219"},{"taxonomy":"post_tag","embeddable":true,"href":"https:\/\/elinformanteperu.com\/index.php\/wp-json\/wp\/v2\/tags?post=18219"}],"curies":[{"name":"wp","href":"https:\/\/api.w.org\/{rel}","templated":true}]}}