{"id":18165,"date":"2017-11-07T20:24:42","date_gmt":"2017-11-08T01:24:42","guid":{"rendered":"http:\/\/elinformanteperu.com\/?p=18165"},"modified":"2017-11-07T20:24:42","modified_gmt":"2017-11-08T01:24:42","slug":"roberto-mosquera-dejo-de-ser-tecnico-de-wilstermann-de-bolivia","status":"publish","type":"post","link":"https:\/\/elinformanteperu.com\/index.php\/2017\/11\/07\/roberto-mosquera-dejo-de-ser-tecnico-de-wilstermann-de-bolivia\/","title":{"rendered":"Roberto Mosquera dej\u00f3 de ser t\u00e9cnico de Wilstermann de Bolivia"},"content":{"rendered":"<p><strong><span style=\"color: #000000;\">El t\u00e9cnico peruano Roberto Mosquera dej\u00f3 de ser parte del Wilstermann de Bolivia tras llegar a un acuerdo de rompimiento de contrato con altos directivos del club.<\/span><\/strong><\/p>\n<p><span style=\"color: #000000;\"><strong>Lima, 07 Noviembre 2017, (ANDINA).-<\/strong> El t\u00e9cnico peruano Roberto Mosquera dej\u00f3 de ser parte del Wilstermann de Bolivia tras llegar a un acuerdo de rompimiento de contrato con altos directivos del club al que llev\u00f3 hasta los cuartos de final de la Copa Libertadores.<\/span><\/p>\n<p><span style=\"color: #000000;\">Mosquera dijo marcharse contento de Bolivia tras finalizar su v\u00ednculo con el Jorge Wilsterman, club que le permiti\u00f3 trabajar en las mejores condiciones.<\/span><\/p>\n<p><span style=\"color: #000000;\">\u00abConvers\u00e9 con los dirigentes, con mi comando t\u00e9cnico, se trat\u00f3 de la continuidad, de c\u00f3mo estaban las cosas, del desgaste y lo del \u00faltimo partido, que creo no fue determinante\u00bb, dijo Mosquera en RPP.<\/span><\/p>\n<p><span style=\"color: #000000;\">El entrenador peruano dio a conocer que prefiri\u00f3 rescindir el poco contrato que le quedaba con el Wiltermann para as\u00ed recuperarse del a\u00f1o duro que tuvo como la Copa Libertadores en el que los bolivianos hicieron historia por llegar por primera vez a los cuartos de final tras superar a Mineiro, Palmeiras, Tucum\u00e1n, a River.<\/span><\/p>\n<p><span style=\"color: #000000;\">Mosquera inform\u00f3 que se siente contento por haber trabajado en el Wilstermann donde tuvo un a\u00f1o fant\u00e1stico y que gracias a eso se ubica en el puesto 153 de los mejores entrenadores del mundo en una relaci\u00f3n que re\u00fane a dos mil t\u00e9cnicos.<\/span><\/p>\n<p><span style=\"color: #000000;\">\u00abEstoy triste pero contento de hacer una buena labor, el nombre de mi pa\u00eds ha estado en lugares importantes. Estoy saliendo como entr\u00e9, consensuado con la directiva\u00bb, remarc\u00f3.<\/span><\/p>\n<p><img fetchpriority=\"high\" decoding=\"async\" class=\"aligncenter size-full wp-image-7113\" src=\"http:\/\/elinformanteperu.com\/wp-content\/uploads\/2017\/03\/roberto-mosquera.jpg\" alt=\"\" width=\"1800\" height=\"1235\" srcset=\"https:\/\/elinformanteperu.com\/wp-content\/uploads\/2017\/03\/roberto-mosquera.jpg 1800w, https:\/\/elinformanteperu.com\/wp-content\/uploads\/2017\/03\/roberto-mosquera-300x206.jpg 300w, https:\/\/elinformanteperu.com\/wp-content\/uploads\/2017\/03\/roberto-mosquera-768x527.jpg 768w, https:\/\/elinformanteperu.com\/wp-content\/uploads\/2017\/03\/roberto-mosquera-1024x703.jpg 1024w, https:\/\/elinformanteperu.com\/wp-content\/uploads\/2017\/03\/roberto-mosquera-128x88.jpg 128w, https:\/\/elinformanteperu.com\/wp-content\/uploads\/2017\/03\/roberto-mosquera-32x22.jpg 32w\" sizes=\"(max-width: 1800px) 100vw, 1800px\" \/><\/p>\n","protected":false},"excerpt":{"rendered":"<p>El t\u00e9cnico peruano Roberto Mosquera dej\u00f3 de ser parte del Wilstermann de Bolivia tras llegar a un acuerdo de rompimiento de contrato con altos directivos del club. Lima, 07 Noviembre 2017, (ANDINA).- El t\u00e9cnico peruano Roberto Mosquera dej\u00f3 de ser parte del Wilstermann de Bolivia tras llegar a un acuerdo de rompimiento de contrato con [&hellip;]<\/p>\n","protected":false},"author":1,"featured_media":16116,"comment_status":"open","ping_status":"open","sticky":false,"template":"","format":"standard","meta":{"rop_custom_images_group":[],"rop_custom_messages_group":[],"rop_publish_now":"initial","rop_publish_now_accounts":[],"rop_publish_now_history":[],"rop_publish_now_status":"pending","footnotes":""},"categories":[8],"tags":[1359,716],"class_list":["post-18165","post","type-post","status-publish","format-standard","has-post-thumbnail","hentry","category-disciplinas-deportivas","tag-jorge-wilstermann","tag-roberto-mosquera"],"_links":{"self":[{"href":"https:\/\/elinformanteperu.com\/index.php\/wp-json\/wp\/v2\/posts\/18165","targetHints":{"allow":["GET"]}}],"collection":[{"href":"https:\/\/elinformanteperu.com\/index.php\/wp-json\/wp\/v2\/posts"}],"about":[{"href":"https:\/\/elinformanteperu.com\/index.php\/wp-json\/wp\/v2\/types\/post"}],"author":[{"embeddable":true,"href":"https:\/\/elinformanteperu.com\/index.php\/wp-json\/wp\/v2\/users\/1"}],"replies":[{"embeddable":true,"href":"https:\/\/elinformanteperu.com\/index.php\/wp-json\/wp\/v2\/comments?post=18165"}],"version-history":[{"count":1,"href":"https:\/\/elinformanteperu.com\/index.php\/wp-json\/wp\/v2\/posts\/18165\/revisions"}],"predecessor-version":[{"id":18166,"href":"https:\/\/elinformanteperu.com\/index.php\/wp-json\/wp\/v2\/posts\/18165\/revisions\/18166"}],"wp:featuredmedia":[{"embeddable":true,"href":"https:\/\/elinformanteperu.com\/index.php\/wp-json\/wp\/v2\/media\/16116"}],"wp:attachment":[{"href":"https:\/\/elinformanteperu.com\/index.php\/wp-json\/wp\/v2\/media?parent=18165"}],"wp:term":[{"taxonomy":"category","embeddable":true,"href":"https:\/\/elinformanteperu.com\/index.php\/wp-json\/wp\/v2\/categories?post=18165"},{"taxonomy":"post_tag","embeddable":true,"href":"https:\/\/elinformanteperu.com\/index.php\/wp-json\/wp\/v2\/tags?post=18165"}],"curies":[{"name":"wp","href":"https:\/\/api.w.org\/{rel}","templated":true}]}}