{"id":1814,"date":"2016-11-27T02:39:39","date_gmt":"2016-11-27T07:39:39","guid":{"rendered":"http:\/\/elinformanteperu.com\/?p=1814"},"modified":"2016-11-27T02:39:39","modified_gmt":"2016-11-27T07:39:39","slug":"presidente-kuczynski-envia-condolencias-a-cuba-por-muerte-de-fidel-castro","status":"publish","type":"post","link":"https:\/\/elinformanteperu.com\/index.php\/2016\/11\/27\/presidente-kuczynski-envia-condolencias-a-cuba-por-muerte-de-fidel-castro\/","title":{"rendered":"Presidente Kuczynski env\u00eda condolencias a Cuba por muerte de Fidel Castro"},"content":{"rendered":"<p style=\"text-align: justify;\"><strong>El Presidente de la Rep\u00fablica, Pedro Pablo Kuczynski, envi\u00f3 sus m\u00e1s sentidas condolencias al pueblo y al gobierno de Cuba, tras la muerte de Fidel Castro.<\/strong><\/p>\n<p style=\"text-align: justify;\"><strong>Lima, 26 Noviembre 2016, (ANDINA).-<\/strong> El Presidente de la Rep\u00fablica, Pedro Pablo Kuczynski, envi\u00f3 sus m\u00e1s sentidas condolencias al pueblo y al gobierno de Cuba, tras la muerte de Fidel Castro, y salud\u00f3 la memoria del l\u00edder cubano, quien dej\u00f3 de existir en la v\u00edspera a los 90 a\u00f1os.<\/p>\n<p style=\"text-align: justify;\">Mediante un mensaje escueto, publicado en su cuenta oficial de la red social Twitter, el Mandatario peruano se sum\u00f3 a los mensajes de condolencias que se dieron en distintas partes del mundo, tras conocerse la noticia del deceso de quien lider\u00f3 la Revoluci\u00f3n cubana.<\/p>\n","protected":false},"excerpt":{"rendered":"<p>El Presidente de la Rep\u00fablica, Pedro Pablo Kuczynski, envi\u00f3 sus m\u00e1s sentidas condolencias al pueblo y al gobierno de Cuba, tras la muerte de Fidel Castro. Lima, 26 Noviembre 2016, (ANDINA).- El Presidente de la Rep\u00fablica, Pedro Pablo Kuczynski, envi\u00f3 sus m\u00e1s sentidas condolencias al pueblo y al gobierno de Cuba, tras la muerte de [&hellip;]<\/p>\n","protected":false},"author":1,"featured_media":1210,"comment_status":"open","ping_status":"open","sticky":false,"template":"","format":"standard","meta":{"rop_custom_images_group":[],"rop_custom_messages_group":[],"rop_publish_now":"initial","rop_publish_now_accounts":[],"rop_publish_now_history":[],"rop_publish_now_status":"pending","footnotes":""},"categories":[5],"tags":[337],"class_list":["post-1814","post","type-post","status-publish","format-standard","has-post-thumbnail","hentry","category-actualidad-informativa","tag-fidel-castro"],"_links":{"self":[{"href":"https:\/\/elinformanteperu.com\/index.php\/wp-json\/wp\/v2\/posts\/1814","targetHints":{"allow":["GET"]}}],"collection":[{"href":"https:\/\/elinformanteperu.com\/index.php\/wp-json\/wp\/v2\/posts"}],"about":[{"href":"https:\/\/elinformanteperu.com\/index.php\/wp-json\/wp\/v2\/types\/post"}],"author":[{"embeddable":true,"href":"https:\/\/elinformanteperu.com\/index.php\/wp-json\/wp\/v2\/users\/1"}],"replies":[{"embeddable":true,"href":"https:\/\/elinformanteperu.com\/index.php\/wp-json\/wp\/v2\/comments?post=1814"}],"version-history":[{"count":1,"href":"https:\/\/elinformanteperu.com\/index.php\/wp-json\/wp\/v2\/posts\/1814\/revisions"}],"predecessor-version":[{"id":1815,"href":"https:\/\/elinformanteperu.com\/index.php\/wp-json\/wp\/v2\/posts\/1814\/revisions\/1815"}],"wp:featuredmedia":[{"embeddable":true,"href":"https:\/\/elinformanteperu.com\/index.php\/wp-json\/wp\/v2\/media\/1210"}],"wp:attachment":[{"href":"https:\/\/elinformanteperu.com\/index.php\/wp-json\/wp\/v2\/media?parent=1814"}],"wp:term":[{"taxonomy":"category","embeddable":true,"href":"https:\/\/elinformanteperu.com\/index.php\/wp-json\/wp\/v2\/categories?post=1814"},{"taxonomy":"post_tag","embeddable":true,"href":"https:\/\/elinformanteperu.com\/index.php\/wp-json\/wp\/v2\/tags?post=1814"}],"curies":[{"name":"wp","href":"https:\/\/api.w.org\/{rel}","templated":true}]}}