{"id":18135,"date":"2017-11-07T01:35:44","date_gmt":"2017-11-07T06:35:44","guid":{"rendered":"http:\/\/elinformanteperu.com\/?p=18135"},"modified":"2017-11-07T01:35:44","modified_gmt":"2017-11-07T06:35:44","slug":"fiscalia-reabre-investigacion-a-joaquin-ramirez-por-presunto-lavado-de-activos","status":"publish","type":"post","link":"https:\/\/elinformanteperu.com\/index.php\/2017\/11\/07\/fiscalia-reabre-investigacion-a-joaquin-ramirez-por-presunto-lavado-de-activos\/","title":{"rendered":"Fiscal\u00eda reabre investigaci\u00f3n a Joaqu\u00edn Ram\u00edrez por presunto lavado de activos"},"content":{"rendered":"<p><strong><span style=\"color: #000000;\"> El Ministerio P\u00fablico resolvi\u00f3 reabrir la investigaci\u00f3n por el presunto delito de lavado de activos contra el empresario y exsecretario general de Fuerza Popular, Joaqu\u00edn Ram\u00edrez.<\/span><\/strong><\/p>\n<p><span style=\"color: #000000;\"><strong>Lima, 06 Noviembre 2017, (ANDINA).-<\/strong> El Ministerio P\u00fablico resolvi\u00f3 reabrir la investigaci\u00f3n por el presunto delito de lavado de activos contra el empresario y exsecretario general de Fuerza Popular, Joaqu\u00edn Ram\u00edrez, proceso que incluye a Keiko Fujimori, .<\/span><\/p>\n<p><span style=\"color: #000000;\">La reapertura de la investigaci\u00f3n alcanza a congresista fujimorista Os\u00edas Ram\u00edrez y al fundador de la Universidad Alas Peruanas, Fidel Ram\u00edrez, quien son familiares del exsecretario general de Fuerza Popular, seg\u00fan una resoluci\u00f3n difundida por el programa Primer Plano de Willax Televisi\u00f3n.<\/span><\/p>\n<p><span style=\"color: #000000;\">El pasado 22 de septiembre, la fiscal Sara Vidal, de la Primera Fiscal\u00eda Supraprovincial Corporativa de Lavado de Activos, archiv\u00f3 la investigaci\u00f3n contra Joaqu\u00edn Ram\u00edrez, Keiko Fujimori y otras personas.<\/span><\/p>\n<p><span style=\"color: #000000;\">Sin embargo, la Tercera Fiscal\u00eda Superior Especializada en Lavado de Activos y P\u00e9rdida de Dominio declar\u00f3 nula la resoluci\u00f3n de la magistrada Sara Vidal.<\/span><\/p>\n<p><span style=\"color: #000000;\">El Ministerio P\u00fablico declar\u00f3 fundada la apelaci\u00f3n que present\u00f3 la Procuradur\u00eda de Lavado de Activos contra el archivo de la mencionada investigaci\u00f3n.<\/span><\/p>\n<p><span style=\"color: #000000;\">En la nueva resoluci\u00f3n se ordena continuar con la pesquisa a Joaqu\u00edn Ram\u00edrez y que esta se adec\u00fae a la Ley de Crimen Organizado.<\/span><\/p>\n<p><span style=\"color: #000000;\">La investigaci\u00f3n a Joaqu\u00edn Ram\u00edrez fue reabierta hace unos d\u00edas, informaron fuentes del Ministerio P\u00fablico.<\/span><\/p>\n","protected":false},"excerpt":{"rendered":"<p>El Ministerio P\u00fablico resolvi\u00f3 reabrir la investigaci\u00f3n por el presunto delito de lavado de activos contra el empresario y exsecretario general de Fuerza Popular, Joaqu\u00edn Ram\u00edrez. Lima, 06 Noviembre 2017, (ANDINA).- El Ministerio P\u00fablico resolvi\u00f3 reabrir la investigaci\u00f3n por el presunto delito de lavado de activos contra el empresario y exsecretario general de Fuerza Popular, [&hellip;]<\/p>\n","protected":false},"author":1,"featured_media":18136,"comment_status":"open","ping_status":"open","sticky":false,"template":"","format":"standard","meta":{"rop_custom_images_group":[],"rop_custom_messages_group":[],"rop_publish_now":"initial","rop_publish_now_accounts":[],"rop_publish_now_history":[],"rop_publish_now_status":"pending","footnotes":""},"categories":[5],"tags":[295,1151,370],"class_list":["post-18135","post","type-post","status-publish","format-standard","has-post-thumbnail","hentry","category-actualidad-informativa","tag-fuerza-popular","tag-joaquin-ramirez","tag-ministerio-publico"],"_links":{"self":[{"href":"https:\/\/elinformanteperu.com\/index.php\/wp-json\/wp\/v2\/posts\/18135","targetHints":{"allow":["GET"]}}],"collection":[{"href":"https:\/\/elinformanteperu.com\/index.php\/wp-json\/wp\/v2\/posts"}],"about":[{"href":"https:\/\/elinformanteperu.com\/index.php\/wp-json\/wp\/v2\/types\/post"}],"author":[{"embeddable":true,"href":"https:\/\/elinformanteperu.com\/index.php\/wp-json\/wp\/v2\/users\/1"}],"replies":[{"embeddable":true,"href":"https:\/\/elinformanteperu.com\/index.php\/wp-json\/wp\/v2\/comments?post=18135"}],"version-history":[{"count":1,"href":"https:\/\/elinformanteperu.com\/index.php\/wp-json\/wp\/v2\/posts\/18135\/revisions"}],"predecessor-version":[{"id":18137,"href":"https:\/\/elinformanteperu.com\/index.php\/wp-json\/wp\/v2\/posts\/18135\/revisions\/18137"}],"wp:featuredmedia":[{"embeddable":true,"href":"https:\/\/elinformanteperu.com\/index.php\/wp-json\/wp\/v2\/media\/18136"}],"wp:attachment":[{"href":"https:\/\/elinformanteperu.com\/index.php\/wp-json\/wp\/v2\/media?parent=18135"}],"wp:term":[{"taxonomy":"category","embeddable":true,"href":"https:\/\/elinformanteperu.com\/index.php\/wp-json\/wp\/v2\/categories?post=18135"},{"taxonomy":"post_tag","embeddable":true,"href":"https:\/\/elinformanteperu.com\/index.php\/wp-json\/wp\/v2\/tags?post=18135"}],"curies":[{"name":"wp","href":"https:\/\/api.w.org\/{rel}","templated":true}]}}