{"id":18133,"date":"2017-11-07T01:22:47","date_gmt":"2017-11-07T06:22:47","guid":{"rendered":"http:\/\/elinformanteperu.com\/?p=18133"},"modified":"2017-11-07T01:22:47","modified_gmt":"2017-11-07T06:22:47","slug":"junta-de-fiscales-supremos-respalda-a-pablo-sanchez-y-exige-respeto-al-ministerio-publico","status":"publish","type":"post","link":"https:\/\/elinformanteperu.com\/index.php\/2017\/11\/07\/junta-de-fiscales-supremos-respalda-a-pablo-sanchez-y-exige-respeto-al-ministerio-publico\/","title":{"rendered":"Junta de Fiscales Supremos respalda a Pablo S\u00e1nchez y exige respeto al Ministerio P\u00fablico"},"content":{"rendered":"<p><strong><span style=\"color: #000000;\">La Junta de Fiscales Supremos expres\u00f3 su respaldo a la labor que cumple el fiscal de la Naci\u00f3n, Pablo S\u00e1nchez, y exigi\u00f3 respeto a la labor del Ministerio P\u00fablico<\/span><\/strong><\/p>\n<p><span style=\"color: #000000;\"><strong>Lima, 06 Noviembre 2017, (ANDINA).-<\/strong> La Junta de Fiscales Supremos expres\u00f3 su respaldo a la labor que cumple el fiscal de la Naci\u00f3n, Pablo S\u00e1nchez, y exigi\u00f3 respeto a la labor del Ministerio P\u00fablico y al resto de entidades constitucionalmente aut\u00f3nomas.<\/span><\/p>\n<p><span style=\"color: #000000;\">El respaldo fue expresado a trav\u00e9s de un comunicado oficial emitido luego de la denuncia constitucional presentada por el legislador fujimorista Daniel Salaverry en contra del fiscal Pablo S\u00e1nchez.<\/span><\/p>\n<p><span style=\"color: #000000;\">\u201cManifestamos nuestro pleno respaldo al se\u00f1or fiscal de la naci\u00f3n, doctor Pablo S\u00e1nchez Velarde, titular de nuestra instituci\u00f3n y respetuoso guardi\u00e1n de la ley y de los principios que rigen a nuestra instituci\u00f3n\u201d, afirma el comunicado.<\/span><\/p>\n<p><span style=\"color: #000000;\">\u201cAsimismo y en forma categ\u00f3rica exigimos respeto a la labor del Ministerio P\u00fablico y de los dem\u00e1s \u00f3rganos constitucionales aut\u00f3nomos, dentro del marco constitucional que impone un estado de derecho\u201d, a\u00f1ade.<\/span><\/p>\n<p><span style=\"color: #000000;\">Los fiscales supremos tambi\u00e9n expresan su convicci\u00f3n y compromiso en defensa de los principios de autonom\u00eda e independencia que rigen el Ministerio P\u00fablico y hacen extensivo su respaldo a la autonom\u00eda e independencia de los dem\u00e1s fiscales en la labor que vienen realizando.<\/span><\/p>\n<p><span style=\"color: #000000;\">\u201cFinalmente, el Ministerio P\u00fablico expresa a la ciudadan\u00eda su indeclinable respeto a la constituci\u00f3n, la ley y su firmeza e independencia de toda manifestaci\u00f3n externa que pretenda influir o amedrentar a los fiscales que cumplen con su deber\u201d, subraya.<\/span><\/p>\n<p><span style=\"color: #000000;\">Seg\u00fan Salaverry, la denuncia constitucional presentada contra S\u00e1nchez tiene como finalidad conseguir que sea destituido del cargo e inhabilitado del ejercicio de la funci\u00f3n p\u00fablica.<\/span><\/p>\n<p><span style=\"color: #000000;\">El legislador fujimorista acusa a la m\u00e1xima autoridad del Ministerio P\u00fablico de inacci\u00f3n y de no luchar eficientemente contra la corrupci\u00f3n en el caso Lava Jato.<\/span><\/p>\n<p><span style=\"color: #000000;\">Diversos sectores pol\u00edticos consideran que dicha denuncia es una represalia del fujimorismo por las investigaciones promovidas por el Ministerio P\u00fablico contra Keiko Fujimori.<\/span><\/p>\n","protected":false},"excerpt":{"rendered":"<p>La Junta de Fiscales Supremos expres\u00f3 su respaldo a la labor que cumple el fiscal de la Naci\u00f3n, Pablo S\u00e1nchez, y exigi\u00f3 respeto a la labor del Ministerio P\u00fablico Lima, 06 Noviembre 2017, (ANDINA).- La Junta de Fiscales Supremos expres\u00f3 su respaldo a la labor que cumple el fiscal de la Naci\u00f3n, Pablo S\u00e1nchez, y [&hellip;]<\/p>\n","protected":false},"author":1,"featured_media":4479,"comment_status":"open","ping_status":"open","sticky":false,"template":"","format":"standard","meta":{"rop_custom_images_group":[],"rop_custom_messages_group":[],"rop_publish_now":"initial","rop_publish_now_accounts":[],"rop_publish_now_history":[],"rop_publish_now_status":"pending","footnotes":""},"categories":[5],"tags":[370,347],"class_list":["post-18133","post","type-post","status-publish","format-standard","has-post-thumbnail","hentry","category-actualidad-informativa","tag-ministerio-publico","tag-pablo-sanchez"],"_links":{"self":[{"href":"https:\/\/elinformanteperu.com\/index.php\/wp-json\/wp\/v2\/posts\/18133","targetHints":{"allow":["GET"]}}],"collection":[{"href":"https:\/\/elinformanteperu.com\/index.php\/wp-json\/wp\/v2\/posts"}],"about":[{"href":"https:\/\/elinformanteperu.com\/index.php\/wp-json\/wp\/v2\/types\/post"}],"author":[{"embeddable":true,"href":"https:\/\/elinformanteperu.com\/index.php\/wp-json\/wp\/v2\/users\/1"}],"replies":[{"embeddable":true,"href":"https:\/\/elinformanteperu.com\/index.php\/wp-json\/wp\/v2\/comments?post=18133"}],"version-history":[{"count":1,"href":"https:\/\/elinformanteperu.com\/index.php\/wp-json\/wp\/v2\/posts\/18133\/revisions"}],"predecessor-version":[{"id":18134,"href":"https:\/\/elinformanteperu.com\/index.php\/wp-json\/wp\/v2\/posts\/18133\/revisions\/18134"}],"wp:featuredmedia":[{"embeddable":true,"href":"https:\/\/elinformanteperu.com\/index.php\/wp-json\/wp\/v2\/media\/4479"}],"wp:attachment":[{"href":"https:\/\/elinformanteperu.com\/index.php\/wp-json\/wp\/v2\/media?parent=18133"}],"wp:term":[{"taxonomy":"category","embeddable":true,"href":"https:\/\/elinformanteperu.com\/index.php\/wp-json\/wp\/v2\/categories?post=18133"},{"taxonomy":"post_tag","embeddable":true,"href":"https:\/\/elinformanteperu.com\/index.php\/wp-json\/wp\/v2\/tags?post=18133"}],"curies":[{"name":"wp","href":"https:\/\/api.w.org\/{rel}","templated":true}]}}