{"id":18129,"date":"2017-11-07T01:16:38","date_gmt":"2017-11-07T06:16:38","guid":{"rendered":"http:\/\/elinformanteperu.com\/?p=18129"},"modified":"2017-11-07T01:16:38","modified_gmt":"2017-11-07T06:16:38","slug":"velasquez-expresa-observaciones-a-denuncia-constitucional-contra-fiscal-de-la-nacion","status":"publish","type":"post","link":"https:\/\/elinformanteperu.com\/index.php\/2017\/11\/07\/velasquez-expresa-observaciones-a-denuncia-constitucional-contra-fiscal-de-la-nacion\/","title":{"rendered":"Vel\u00e1squez expresa observaciones a denuncia constitucional contra fiscal de la Naci\u00f3n"},"content":{"rendered":"<p><strong><span style=\"color: #000000;\">El congresista aprista Javier Vel\u00e1squez Quesqu\u00e9n expres\u00f3 sus observaciones a la denuncia constitucional contra el fiscal de la Naci\u00f3n, Pablo S\u00e1nchez.<\/span><\/strong><\/p>\n<p><span style=\"color: #000000;\"><strong>Lima, 06 Noviembre 2017, (ANDINA).-<\/strong> El congresista aprista Javier Vel\u00e1squez Quesqu\u00e9n expres\u00f3 sus observaciones a la denuncia constitucional contra el fiscal de la Naci\u00f3n, Pablo S\u00e1nchez, presentada por Fuerza Popular, debido a las prerrogativas que tiene el Ministerio P\u00fablico amparadas por la Constituci\u00f3n.<\/span><\/p>\n<p><span style=\"color: #000000;\">Seg\u00fan se\u00f1al\u00f3, la Carta Magna establece que \u201cnadie puede interferir en procesos en curso en \u00f3rganos jurisdiccionales\u201d y el caso Lava Jato, agreg\u00f3, es una investigaci\u00f3n en pleno desarrollo.<\/span><\/p>\n<p><span style=\"color: #000000;\">Adem\u00e1s, dijo, que es una prerrogativa constitucional la decisi\u00f3n del titular del MP de no comprender en las indagaciones fiscales a las empresas constructoras peruanas socias de Odebrecht.<\/span><\/p>\n<p><span style=\"color: #000000;\">En ese sentido, opin\u00f3, la Subcomisi\u00f3n de Acusaciones Constitucionales no deber\u00eda pronunciarse sobre esa materia.<\/span><\/p>\n<p><span style=\"color: #000000;\">Precisamente, la denuncia constitucional contra el fiscal S\u00e1nchez es por grave omisi\u00f3n funcional en la lucha contra la corrupci\u00f3n. Seg\u00fan el congresista Daniel Salaverry, S\u00e1nchez no ha tomado las acciones necesarias que el cargo le exige para garantizar e iniciar las investigaciones contra empresas peruanas socias de Odebrecht.<\/span><\/p>\n<p><span style=\"color: #000000;\">\u201cSi la omisi\u00f3n de funciones es porque la fiscal\u00eda no autorizo se comprenda a las empresas constructoras peruanas que fueron socias de Odebrecht en la investigaci\u00f3n fiscal, eso no es materia que debe pronunciarse la subcomisi\u00f3n, porque es un tema de competencia constitucional de la Fiscal\u00eda de la Naci\u00f3n\u201d, expres\u00f3 el congresista aprista.<\/span><\/p>\n<p><span style=\"color: #000000;\">Se\u00f1al\u00f3 que hoy se dar\u00e1 cuenta de la denuncia ante la Subcomisi\u00f3n de Acusaciones Constitucionales y acordar\u00e1 elaborar un informe de calificaci\u00f3n \u201cy en esa argumentaci\u00f3n tiene que estar el hecho de que es una investigaci\u00f3n judicial en curso y all\u00ed el Congreso no puede entrar\u201d.<\/span><\/p>\n<p><span style=\"color: #000000;\">Salvo, agreg\u00f3, exista un hecho fragrante de corrupci\u00f3n que involucre al fiscal en un supuesto cobro de coima.<\/span><\/p>\n<p><span style=\"color: #000000;\">Vel\u00e1squez aclar\u00f3 que la denuncia constitucional contra S\u00e1nchez no tiene punto de comparaci\u00f3n a la presentada contra los magistrados del Tribunal Constitucional.<\/span><\/p>\n","protected":false},"excerpt":{"rendered":"<p>El congresista aprista Javier Vel\u00e1squez Quesqu\u00e9n expres\u00f3 sus observaciones a la denuncia constitucional contra el fiscal de la Naci\u00f3n, Pablo S\u00e1nchez. Lima, 06 Noviembre 2017, (ANDINA).- El congresista aprista Javier Vel\u00e1squez Quesqu\u00e9n expres\u00f3 sus observaciones a la denuncia constitucional contra el fiscal de la Naci\u00f3n, Pablo S\u00e1nchez, presentada por Fuerza Popular, debido a las prerrogativas [&hellip;]<\/p>\n","protected":false},"author":1,"featured_media":13466,"comment_status":"open","ping_status":"open","sticky":false,"template":"","format":"standard","meta":{"rop_custom_images_group":[],"rop_custom_messages_group":[],"rop_publish_now":"initial","rop_publish_now_accounts":[],"rop_publish_now_history":[],"rop_publish_now_status":"pending","footnotes":""},"categories":[5],"tags":[192,858,295,347],"class_list":["post-18129","post","type-post","status-publish","format-standard","has-post-thumbnail","hentry","category-actualidad-informativa","tag-congreso","tag-daniel-salaverry","tag-fuerza-popular","tag-pablo-sanchez"],"_links":{"self":[{"href":"https:\/\/elinformanteperu.com\/index.php\/wp-json\/wp\/v2\/posts\/18129","targetHints":{"allow":["GET"]}}],"collection":[{"href":"https:\/\/elinformanteperu.com\/index.php\/wp-json\/wp\/v2\/posts"}],"about":[{"href":"https:\/\/elinformanteperu.com\/index.php\/wp-json\/wp\/v2\/types\/post"}],"author":[{"embeddable":true,"href":"https:\/\/elinformanteperu.com\/index.php\/wp-json\/wp\/v2\/users\/1"}],"replies":[{"embeddable":true,"href":"https:\/\/elinformanteperu.com\/index.php\/wp-json\/wp\/v2\/comments?post=18129"}],"version-history":[{"count":1,"href":"https:\/\/elinformanteperu.com\/index.php\/wp-json\/wp\/v2\/posts\/18129\/revisions"}],"predecessor-version":[{"id":18130,"href":"https:\/\/elinformanteperu.com\/index.php\/wp-json\/wp\/v2\/posts\/18129\/revisions\/18130"}],"wp:featuredmedia":[{"embeddable":true,"href":"https:\/\/elinformanteperu.com\/index.php\/wp-json\/wp\/v2\/media\/13466"}],"wp:attachment":[{"href":"https:\/\/elinformanteperu.com\/index.php\/wp-json\/wp\/v2\/media?parent=18129"}],"wp:term":[{"taxonomy":"category","embeddable":true,"href":"https:\/\/elinformanteperu.com\/index.php\/wp-json\/wp\/v2\/categories?post=18129"},{"taxonomy":"post_tag","embeddable":true,"href":"https:\/\/elinformanteperu.com\/index.php\/wp-json\/wp\/v2\/tags?post=18129"}],"curies":[{"name":"wp","href":"https:\/\/api.w.org\/{rel}","templated":true}]}}