{"id":18121,"date":"2017-11-07T01:08:52","date_gmt":"2017-11-07T06:08:52","guid":{"rendered":"http:\/\/elinformanteperu.com\/?p=18121"},"modified":"2017-11-07T01:08:52","modified_gmt":"2017-11-07T06:08:52","slug":"daniel-salaverry-presenta-denuncia-constitucional-contra-fiscal-de-la-nacion","status":"publish","type":"post","link":"https:\/\/elinformanteperu.com\/index.php\/2017\/11\/07\/daniel-salaverry-presenta-denuncia-constitucional-contra-fiscal-de-la-nacion\/","title":{"rendered":"Daniel Salaverry presenta denuncia constitucional contra fiscal de la Naci\u00f3n"},"content":{"rendered":"<p><strong><span style=\"color: #000000;\">El vocero de la bancada de Fuerza Popular, Daniel Salaverry, present\u00f3 una denuncia constitucional contra el fiscal de la Naci\u00f3n, Pablo S\u00e1nchez.<\/span><\/strong><\/p>\n<p><span style=\"color: #000000;\"><strong>Lima, 06 Noviembre 2017, (ANDINA).-<\/strong> El vocero de la bancada de Fuerza Popular, Daniel Salaverry, present\u00f3 una denuncia constitucional contra el fiscal de la Naci\u00f3n, Pablo S\u00e1nchez, al considerar que incurri\u00f3 en \u201cgrave omisi\u00f3n funcional\u201d en la lucha contra la corrupci\u00f3n por el caso Lava Jato.<\/span><\/p>\n<p><span style=\"color: #000000;\">Seg\u00fan argument\u00f3, han transcurrido varios meses de conocerse el caso y S\u00e1nchez \u00abno ha tomado las acciones necesarias que el cargo le exige para garantizar e iniciar las investigaciones contra empresas peruanas socias de Odebrecht\u00bb.<\/span><\/p>\n<p><span style=\"color: #000000;\">Para Salaverry, se trata del acto de corrupci\u00f3n m\u00e1s alarmante de los \u00faltimos a\u00f1os en el pa\u00eds y la poblaci\u00f3n necesita y merece conocer la verdad al respecto.<\/span><\/p>\n<p><span style=\"color: #000000;\">El vocero fujimorista dijo esperar que la denuncia constitucional sea admitida, tramitada de acuerdo a ley y posteriormente el pleno del Parlamento pueda tomar la decisi\u00f3n de destituir e inhabilitar al actual titular del Ministerio P\u00fablico.<\/span><\/p>\n<p><span style=\"color: #000000;\">\u201cEl cargo de fiscal de la Naci\u00f3n lo obliga, como cabeza del organismo, a procesar a todos los implicados. No vemos que haya garantizado esas investigaciones; por lo tanto, ha cometido grave omisi\u00f3n constitucional\u201d, insisti\u00f3.<\/span><\/p>\n<p><span style=\"color: #000000;\">Consultado respecto a si la denuncia respond\u00eda a la investigaci\u00f3n que se sigue contra Keiko Fujimori bajo la ley de crimen organizado, Salaverry afirm\u00f3 que no tiene nada que ver con otros temas en proceso o investigaci\u00f3n.<\/span><\/p>\n<p><span style=\"color: #000000;\">\u201cLa denuncia es por omisi\u00f3n funcional, por no haber garantizado e iniciado las investigaciones contra varias empresas socias de Odebrecht. La denuncia es a t\u00edtulo personal y ma\u00f1ana informar\u00e9 a mi bancada\u201d, a\u00f1adi\u00f3.<\/span><\/p>\n","protected":false},"excerpt":{"rendered":"<p>El vocero de la bancada de Fuerza Popular, Daniel Salaverry, present\u00f3 una denuncia constitucional contra el fiscal de la Naci\u00f3n, Pablo S\u00e1nchez. Lima, 06 Noviembre 2017, (ANDINA).- El vocero de la bancada de Fuerza Popular, Daniel Salaverry, present\u00f3 una denuncia constitucional contra el fiscal de la Naci\u00f3n, Pablo S\u00e1nchez, al considerar que incurri\u00f3 en \u201cgrave [&hellip;]<\/p>\n","protected":false},"author":1,"featured_media":18122,"comment_status":"open","ping_status":"open","sticky":false,"template":"","format":"standard","meta":{"rop_custom_images_group":[],"rop_custom_messages_group":[],"rop_publish_now":"initial","rop_publish_now_accounts":[],"rop_publish_now_history":[],"rop_publish_now_status":"pending","footnotes":""},"categories":[5],"tags":[192,858,295,370,347],"class_list":["post-18121","post","type-post","status-publish","format-standard","has-post-thumbnail","hentry","category-actualidad-informativa","tag-congreso","tag-daniel-salaverry","tag-fuerza-popular","tag-ministerio-publico","tag-pablo-sanchez"],"_links":{"self":[{"href":"https:\/\/elinformanteperu.com\/index.php\/wp-json\/wp\/v2\/posts\/18121","targetHints":{"allow":["GET"]}}],"collection":[{"href":"https:\/\/elinformanteperu.com\/index.php\/wp-json\/wp\/v2\/posts"}],"about":[{"href":"https:\/\/elinformanteperu.com\/index.php\/wp-json\/wp\/v2\/types\/post"}],"author":[{"embeddable":true,"href":"https:\/\/elinformanteperu.com\/index.php\/wp-json\/wp\/v2\/users\/1"}],"replies":[{"embeddable":true,"href":"https:\/\/elinformanteperu.com\/index.php\/wp-json\/wp\/v2\/comments?post=18121"}],"version-history":[{"count":1,"href":"https:\/\/elinformanteperu.com\/index.php\/wp-json\/wp\/v2\/posts\/18121\/revisions"}],"predecessor-version":[{"id":18123,"href":"https:\/\/elinformanteperu.com\/index.php\/wp-json\/wp\/v2\/posts\/18121\/revisions\/18123"}],"wp:featuredmedia":[{"embeddable":true,"href":"https:\/\/elinformanteperu.com\/index.php\/wp-json\/wp\/v2\/media\/18122"}],"wp:attachment":[{"href":"https:\/\/elinformanteperu.com\/index.php\/wp-json\/wp\/v2\/media?parent=18121"}],"wp:term":[{"taxonomy":"category","embeddable":true,"href":"https:\/\/elinformanteperu.com\/index.php\/wp-json\/wp\/v2\/categories?post=18121"},{"taxonomy":"post_tag","embeddable":true,"href":"https:\/\/elinformanteperu.com\/index.php\/wp-json\/wp\/v2\/tags?post=18121"}],"curies":[{"name":"wp","href":"https:\/\/api.w.org\/{rel}","templated":true}]}}