{"id":18001,"date":"2017-11-05T22:19:37","date_gmt":"2017-11-06T03:19:37","guid":{"rendered":"http:\/\/elinformanteperu.com\/?p=18001"},"modified":"2017-11-05T22:20:13","modified_gmt":"2017-11-06T03:20:13","slug":"cristian-benavente-anota-un-doblete-y-ya-es-figura-en-la-liga-de-belgica","status":"publish","type":"post","link":"https:\/\/elinformanteperu.com\/index.php\/2017\/11\/05\/cristian-benavente-anota-un-doblete-y-ya-es-figura-en-la-liga-de-belgica\/","title":{"rendered":"Cristian Benavente anota un doblete y ya es figura en la Liga de B\u00e9lgica"},"content":{"rendered":"<p><strong><span style=\"color: #000000;\">El delantero peruano Cristian Benavente anot\u00f3 un doblete en el partido entre el Royal Charleroi y Antwerp en la liga de B\u00e9lgica y confirma su excelente momento futbol\u00edstico.<\/span><\/strong><\/p>\n<p><span style=\"color: #000000;\"><strong>Charleroi 05 Noviembre 2017, (ANDINA).-<\/strong> El delantero peruano Cristian Benavente anot\u00f3 un doblete en el partido entre el Royal Charleroi y Antwerp en la liga de B\u00e9lgica y confirma su excelente momento futbol\u00edstico que lo convierten en jugador clave para su club.<\/span><\/p>\n<p><span style=\"color: #000000;\">Benavente inici\u00f3 las acciones como titular y demostr\u00f3 que est\u00e1 en un gran nivel en los \u00faltimos meses.<\/span><\/p>\n<p><span style=\"color: #000000;\">El &#8216;Chaval&#8217;, quien no ha sido llamado por Ricardo Gareca para los partidos de repechaje ante Nueva Zelanda, es un jugador querido por la afici\u00f3n peruana que anhela verlo otra vez con la Blanquirroja.<\/span><\/p>\n<p><span style=\"color: #000000;\">El primero gol fue tras un gran disparo en primera casi desde el punto penal y el segundo con una gran definici\u00f3n &#8216;picando&#8217; la pelota ante la salida del portero.<\/span><\/p>\n<p><span style=\"color: #000000;\">Benavente registra seis goles en los seis partidos que ha jugado como titular en el torneo belga y est\u00e1 teniendo la temporada m\u00e1s regular de su carrera profesional.<\/span><\/p>\n<p><iframe width=\"560\" height=\"315\" src=\"https:\/\/www.youtube-nocookie.com\/embed\/6yU74Gyc5Fs?rel=0&amp;controls=0&amp;showinfo=0\" frameborder=\"0\" allowfullscreen><\/iframe><\/p>\n","protected":false},"excerpt":{"rendered":"<p>El delantero peruano Cristian Benavente anot\u00f3 un doblete en el partido entre el Royal Charleroi y Antwerp en la liga de B\u00e9lgica y confirma su excelente momento futbol\u00edstico. Charleroi 05 Noviembre 2017, (ANDINA).- El delantero peruano Cristian Benavente anot\u00f3 un doblete en el partido entre el Royal Charleroi y Antwerp en la liga de B\u00e9lgica [&hellip;]<\/p>\n","protected":false},"author":1,"featured_media":18002,"comment_status":"open","ping_status":"open","sticky":false,"template":"","format":"standard","meta":{"rop_custom_images_group":[],"rop_custom_messages_group":[],"rop_publish_now":"initial","rop_publish_now_accounts":[],"rop_publish_now_history":[],"rop_publish_now_status":"pending","footnotes":""},"categories":[8],"tags":[879],"class_list":["post-18001","post","type-post","status-publish","format-standard","has-post-thumbnail","hentry","category-disciplinas-deportivas","tag-cristian-benavente"],"_links":{"self":[{"href":"https:\/\/elinformanteperu.com\/index.php\/wp-json\/wp\/v2\/posts\/18001","targetHints":{"allow":["GET"]}}],"collection":[{"href":"https:\/\/elinformanteperu.com\/index.php\/wp-json\/wp\/v2\/posts"}],"about":[{"href":"https:\/\/elinformanteperu.com\/index.php\/wp-json\/wp\/v2\/types\/post"}],"author":[{"embeddable":true,"href":"https:\/\/elinformanteperu.com\/index.php\/wp-json\/wp\/v2\/users\/1"}],"replies":[{"embeddable":true,"href":"https:\/\/elinformanteperu.com\/index.php\/wp-json\/wp\/v2\/comments?post=18001"}],"version-history":[{"count":2,"href":"https:\/\/elinformanteperu.com\/index.php\/wp-json\/wp\/v2\/posts\/18001\/revisions"}],"predecessor-version":[{"id":18004,"href":"https:\/\/elinformanteperu.com\/index.php\/wp-json\/wp\/v2\/posts\/18001\/revisions\/18004"}],"wp:featuredmedia":[{"embeddable":true,"href":"https:\/\/elinformanteperu.com\/index.php\/wp-json\/wp\/v2\/media\/18002"}],"wp:attachment":[{"href":"https:\/\/elinformanteperu.com\/index.php\/wp-json\/wp\/v2\/media?parent=18001"}],"wp:term":[{"taxonomy":"category","embeddable":true,"href":"https:\/\/elinformanteperu.com\/index.php\/wp-json\/wp\/v2\/categories?post=18001"},{"taxonomy":"post_tag","embeddable":true,"href":"https:\/\/elinformanteperu.com\/index.php\/wp-json\/wp\/v2\/tags?post=18001"}],"curies":[{"name":"wp","href":"https:\/\/api.w.org\/{rel}","templated":true}]}}