{"id":17993,"date":"2017-11-05T21:52:48","date_gmt":"2017-11-06T02:52:48","guid":{"rendered":"http:\/\/elinformanteperu.com\/?p=17993"},"modified":"2017-11-05T22:21:22","modified_gmt":"2017-11-06T03:21:22","slug":"ministro-de-cultura-sobre-claudia-dammert-nos-deja-una-actriz-extraordinaria","status":"publish","type":"post","link":"https:\/\/elinformanteperu.com\/index.php\/2017\/11\/05\/ministro-de-cultura-sobre-claudia-dammert-nos-deja-una-actriz-extraordinaria\/","title":{"rendered":"Ministro de Cultura sobre Claudia Dammert: \u00abNos deja una actriz extraordinaria\u00bb"},"content":{"rendered":"<p><strong><span style=\"color: #000000;\">El ministro de Cultura, Salvador del Solar, expres\u00f3 su pesar por el fallecimiento de la actriz peruana Claudia Dammert, ocurrida a los 68 a\u00f1os de edad.<\/span><\/strong><\/p>\n<p><span style=\"color: #000000;\"><strong>Lima, 05 Noviembre 2017, (ANDINA).-<\/strong> El ministro de Cultura, Salvador del Solar, expres\u00f3 su pesar por el fallecimiento de la actriz peruana Claudia Dammert, ocurrida a los 68 a\u00f1os de edad.<\/span><\/p>\n<p><span style=\"color: #000000;\">Del Solar se\u00f1al\u00f3 v\u00eda Twitter que se trat\u00f3 de una actriz \u00abinolvidable y extraordinaria\u00bb.<\/span><\/p>\n<p><span style=\"color: #000000;\">Por su parte, el Ministerio de Cultura extendi\u00f3 sus condolencias a los familiares y amigos de la reconocida actriz.<\/span><\/p>\n<p><img fetchpriority=\"high\" decoding=\"async\" class=\"aligncenter size-full wp-image-17995\" src=\"http:\/\/elinformanteperu.com\/wp-content\/uploads\/2017\/11\/tweet-del-solar-Dammert.jpg\" alt=\"\" width=\"493\" height=\"185\" srcset=\"https:\/\/elinformanteperu.com\/wp-content\/uploads\/2017\/11\/tweet-del-solar-Dammert.jpg 493w, https:\/\/elinformanteperu.com\/wp-content\/uploads\/2017\/11\/tweet-del-solar-Dammert-300x113.jpg 300w, https:\/\/elinformanteperu.com\/wp-content\/uploads\/2017\/11\/tweet-del-solar-Dammert-128x48.jpg 128w, https:\/\/elinformanteperu.com\/wp-content\/uploads\/2017\/11\/tweet-del-solar-Dammert-32x12.jpg 32w\" sizes=\"(max-width: 493px) 100vw, 493px\" \/><\/p>\n","protected":false},"excerpt":{"rendered":"<p>El ministro de Cultura, Salvador del Solar, expres\u00f3 su pesar por el fallecimiento de la actriz peruana Claudia Dammert, ocurrida a los 68 a\u00f1os de edad. Lima, 05 Noviembre 2017, (ANDINA).- El ministro de Cultura, Salvador del Solar, expres\u00f3 su pesar por el fallecimiento de la actriz peruana Claudia Dammert, ocurrida a los 68 a\u00f1os [&hellip;]<\/p>\n","protected":false},"author":1,"featured_media":17994,"comment_status":"open","ping_status":"open","sticky":false,"template":"","format":"standard","meta":{"rop_custom_images_group":[],"rop_custom_messages_group":[],"rop_publish_now":"initial","rop_publish_now_accounts":[],"rop_publish_now_history":[],"rop_publish_now_status":"pending","footnotes":""},"categories":[70],"tags":[2374,105,473],"class_list":["post-17993","post","type-post","status-publish","format-standard","has-post-thumbnail","hentry","category-farandula","tag-claudia-dammert","tag-ministerio-de-cultura","tag-salvador-del-solar"],"_links":{"self":[{"href":"https:\/\/elinformanteperu.com\/index.php\/wp-json\/wp\/v2\/posts\/17993","targetHints":{"allow":["GET"]}}],"collection":[{"href":"https:\/\/elinformanteperu.com\/index.php\/wp-json\/wp\/v2\/posts"}],"about":[{"href":"https:\/\/elinformanteperu.com\/index.php\/wp-json\/wp\/v2\/types\/post"}],"author":[{"embeddable":true,"href":"https:\/\/elinformanteperu.com\/index.php\/wp-json\/wp\/v2\/users\/1"}],"replies":[{"embeddable":true,"href":"https:\/\/elinformanteperu.com\/index.php\/wp-json\/wp\/v2\/comments?post=17993"}],"version-history":[{"count":2,"href":"https:\/\/elinformanteperu.com\/index.php\/wp-json\/wp\/v2\/posts\/17993\/revisions"}],"predecessor-version":[{"id":18006,"href":"https:\/\/elinformanteperu.com\/index.php\/wp-json\/wp\/v2\/posts\/17993\/revisions\/18006"}],"wp:featuredmedia":[{"embeddable":true,"href":"https:\/\/elinformanteperu.com\/index.php\/wp-json\/wp\/v2\/media\/17994"}],"wp:attachment":[{"href":"https:\/\/elinformanteperu.com\/index.php\/wp-json\/wp\/v2\/media?parent=17993"}],"wp:term":[{"taxonomy":"category","embeddable":true,"href":"https:\/\/elinformanteperu.com\/index.php\/wp-json\/wp\/v2\/categories?post=17993"},{"taxonomy":"post_tag","embeddable":true,"href":"https:\/\/elinformanteperu.com\/index.php\/wp-json\/wp\/v2\/tags?post=17993"}],"curies":[{"name":"wp","href":"https:\/\/api.w.org\/{rel}","templated":true}]}}