{"id":17989,"date":"2017-11-05T21:47:44","date_gmt":"2017-11-06T02:47:44","guid":{"rendered":"http:\/\/elinformanteperu.com\/?p=17989"},"modified":"2017-11-05T22:21:46","modified_gmt":"2017-11-06T03:21:46","slug":"claudia-dammert-esto-pensaba-la-actriz-sobre-la-muerte-hace-unos-dias","status":"publish","type":"post","link":"https:\/\/elinformanteperu.com\/index.php\/2017\/11\/05\/claudia-dammert-esto-pensaba-la-actriz-sobre-la-muerte-hace-unos-dias\/","title":{"rendered":"Claudia Dammert: esto pensaba la actriz sobre la muerte hace unos d\u00edas"},"content":{"rendered":"<p><strong><span style=\"color: #000000;\">La actriz peruana Claudia Dammert falleci\u00f3 a los 68 a\u00f1os de edad, para lamento y sorpresa de familiares, amigos y seguidores.<\/span><\/strong><\/p>\n<p><span style=\"color: #000000;\"><strong>Lima, 05 Noviembre 2017, (ANDINA).-<\/strong> La actriz peruana Claudia Dammert falleci\u00f3 a los 68 a\u00f1os de edad, para lamento y sorpresa de familiares, amigos y seguidores. Esto pensaba la artista sobre la muerte, seg\u00fan un post publicado en su cuenta en Facebook el \u00faltimo 2 de noviembre.<\/span><\/p>\n<p><span style=\"color: #000000;\">\u00ab\u00bfSer\u00e1 que la muerte es mi amiga desde hace tanto tiempo y por eso no me entristece su aparici\u00f3n? \u00bfSer\u00e1 que me entiendo semilla, flor, fruto, madurez, muerte, descomposici\u00f3n, para volver a un nuevo ciclo de vida?\u00bb<\/span><\/p>\n<p><span style=\"color: #000000;\">\u00ab\u00bfSer\u00e1 que siento mi inmortalidad y s\u00e9 que este cuerpo en el que ahora habito est\u00e1 s\u00f3lo en tr\u00e1nsito? \u00bfSer\u00e1 por ello que cuando leo que alguien ha muerto no me sorprende. Simplemente me digo: lleg\u00f3 su momento de partir, ya llegar\u00e1 el m\u00edo\u00bb.<\/span><\/p>\n<p><span style=\"color: #000000;\">\u00abLo que s\u00ed, me hago el firme prop\u00f3sito y le pido todos los d\u00edas al multiverso-Dios-Diosa que todo lo sabe y nos presta su sabidur\u00eda&#8230; que cuando llegue mi momento de desencarnar hacia otros planos, est\u00e9 preparada y sea lo m\u00e1s consecuente y coherente posible para que mi partida sea una fiesta para todos los que me conocieron\u00bb.<\/span><\/p>\n<p><span style=\"color: #000000;\">Jos\u00e9 Dammert, hermano de la actriz, confirm\u00f3 esta tarde la partida de Claudia, considerada la primera mujer en hacer unipersonales en el Per\u00fa.<\/span><\/p>\n<p><span style=\"color: #000000;\">Claudia Dammert incursion\u00f3 en teatro, cine y televisi\u00f3n. Su \u00faltima puesta en escena fue Tu madre, la Concho, estrenada este 2017.<\/span><\/p>\n<p><img fetchpriority=\"high\" decoding=\"async\" class=\"aligncenter size-full wp-image-17991\" src=\"http:\/\/elinformanteperu.com\/wp-content\/uploads\/2017\/11\/Tweet-Claudia-Dammert.jpg\" alt=\"\" width=\"500\" height=\"326\" srcset=\"https:\/\/elinformanteperu.com\/wp-content\/uploads\/2017\/11\/Tweet-Claudia-Dammert.jpg 500w, https:\/\/elinformanteperu.com\/wp-content\/uploads\/2017\/11\/Tweet-Claudia-Dammert-300x196.jpg 300w, https:\/\/elinformanteperu.com\/wp-content\/uploads\/2017\/11\/Tweet-Claudia-Dammert-128x83.jpg 128w, https:\/\/elinformanteperu.com\/wp-content\/uploads\/2017\/11\/Tweet-Claudia-Dammert-32x21.jpg 32w\" sizes=\"(max-width: 500px) 100vw, 500px\" \/><\/p>\n","protected":false},"excerpt":{"rendered":"<p>La actriz peruana Claudia Dammert falleci\u00f3 a los 68 a\u00f1os de edad, para lamento y sorpresa de familiares, amigos y seguidores. Lima, 05 Noviembre 2017, (ANDINA).- La actriz peruana Claudia Dammert falleci\u00f3 a los 68 a\u00f1os de edad, para lamento y sorpresa de familiares, amigos y seguidores. Esto pensaba la artista sobre la muerte, seg\u00fan [&hellip;]<\/p>\n","protected":false},"author":1,"featured_media":17990,"comment_status":"open","ping_status":"open","sticky":false,"template":"","format":"standard","meta":{"rop_custom_images_group":[],"rop_custom_messages_group":[],"rop_publish_now":"initial","rop_publish_now_accounts":[],"rop_publish_now_history":[],"rop_publish_now_status":"pending","footnotes":""},"categories":[70],"tags":[2374],"class_list":["post-17989","post","type-post","status-publish","format-standard","has-post-thumbnail","hentry","category-farandula","tag-claudia-dammert"],"_links":{"self":[{"href":"https:\/\/elinformanteperu.com\/index.php\/wp-json\/wp\/v2\/posts\/17989","targetHints":{"allow":["GET"]}}],"collection":[{"href":"https:\/\/elinformanteperu.com\/index.php\/wp-json\/wp\/v2\/posts"}],"about":[{"href":"https:\/\/elinformanteperu.com\/index.php\/wp-json\/wp\/v2\/types\/post"}],"author":[{"embeddable":true,"href":"https:\/\/elinformanteperu.com\/index.php\/wp-json\/wp\/v2\/users\/1"}],"replies":[{"embeddable":true,"href":"https:\/\/elinformanteperu.com\/index.php\/wp-json\/wp\/v2\/comments?post=17989"}],"version-history":[{"count":2,"href":"https:\/\/elinformanteperu.com\/index.php\/wp-json\/wp\/v2\/posts\/17989\/revisions"}],"predecessor-version":[{"id":18007,"href":"https:\/\/elinformanteperu.com\/index.php\/wp-json\/wp\/v2\/posts\/17989\/revisions\/18007"}],"wp:featuredmedia":[{"embeddable":true,"href":"https:\/\/elinformanteperu.com\/index.php\/wp-json\/wp\/v2\/media\/17990"}],"wp:attachment":[{"href":"https:\/\/elinformanteperu.com\/index.php\/wp-json\/wp\/v2\/media?parent=17989"}],"wp:term":[{"taxonomy":"category","embeddable":true,"href":"https:\/\/elinformanteperu.com\/index.php\/wp-json\/wp\/v2\/categories?post=17989"},{"taxonomy":"post_tag","embeddable":true,"href":"https:\/\/elinformanteperu.com\/index.php\/wp-json\/wp\/v2\/tags?post=17989"}],"curies":[{"name":"wp","href":"https:\/\/api.w.org\/{rel}","templated":true}]}}