{"id":1797,"date":"2016-11-27T01:56:43","date_gmt":"2016-11-27T06:56:43","guid":{"rendered":"http:\/\/elinformanteperu.com\/?p=1797"},"modified":"2016-11-27T01:56:43","modified_gmt":"2016-11-27T06:56:43","slug":"obama-dice-que-ee-uu-trabajo-duro-para-abrir-nuevo-capitulo-con-cuba","status":"publish","type":"post","link":"https:\/\/elinformanteperu.com\/index.php\/2016\/11\/27\/obama-dice-que-ee-uu-trabajo-duro-para-abrir-nuevo-capitulo-con-cuba\/","title":{"rendered":"Obama dice que EE.UU. \u00abtrabaj\u00f3 duro\u00bb para abrir nuevo cap\u00edtulo con Cuba"},"content":{"rendered":"<p style=\"text-align: justify;\"><strong>El presidente de Estados Unidos, Barack Obama, asegur\u00f3 que su pa\u00eds \u00abtrabaj\u00f3 duro\u00bb para abrir un nuevo cap\u00edtulo en las relaciones con Cuba.<\/strong><\/p>\n<p style=\"text-align: justify;\"><strong>Washington, 26 Noviembre 2016, (ANDINA).-<\/strong> El presidente de Estados Unidos, Barack Obama, asegur\u00f3 que su pa\u00eds \u00abtrabaj\u00f3 duro\u00bb para abrir un nuevo cap\u00edtulo en las relaciones con Cuba, de acuerdo con una nota oficial divulgada por la Casa Blanca.<\/p>\n<p style=\"text-align: justify;\">\u00abDurante mi presidencia, hemos trabajado duro para poner el pasado detr\u00e1s nuestro\u00bb, expres\u00f3 el mandatario estadounidense a ra\u00edz del fallecimiento del l\u00edder cubano la noche del viernes a los 90 a\u00f1os.<\/p>\n<p style=\"text-align: justify;\">\u00abLa Historia registrar\u00e1 y juzgar\u00e1 el enorme impacto de esta singular figura en las personas y en el mundo a su alrededor\u00bb, expres\u00f3 el mandatario en la nota, en una referencia al m\u00e1s famoso discurso del l\u00edder cubano titulado \u00abLa historia me absolver\u00e1\u00bb, de acuerdo con un comunicado de la Casa Blanca.<\/p>\n<p style=\"text-align: justify;\">\u00abSabemos que este momento llena a los cubanos -en Cuba y en Estados Unidos- de poderosas emociones, recordando las incontables formas en las que Fidel Castro alter\u00f3 el curso de vidas individuales, familias y de la naci\u00f3n cubana\u00bb, se\u00f1al\u00f3 el mandatario estadounidense.<\/p>\n<p style=\"text-align: justify;\">Fidel Castro falleci\u00f3 en la noche del viernes en La Habana a los 90 a\u00f1os de edad. Sus restos ser\u00e1n cremados, conforme anunci\u00f3 su hermano Ra\u00fal en un mensaje a la poblaci\u00f3n, y sepultados en un cementerio de Santiago de Cuba el 4 de diciembre.<\/p>\n","protected":false},"excerpt":{"rendered":"<p>El presidente de Estados Unidos, Barack Obama, asegur\u00f3 que su pa\u00eds \u00abtrabaj\u00f3 duro\u00bb para abrir un nuevo cap\u00edtulo en las relaciones con Cuba. Washington, 26 Noviembre 2016, (ANDINA).- El presidente de Estados Unidos, Barack Obama, asegur\u00f3 que su pa\u00eds \u00abtrabaj\u00f3 duro\u00bb para abrir un nuevo cap\u00edtulo en las relaciones con Cuba, de acuerdo con una [&hellip;]<\/p>\n","protected":false},"author":1,"featured_media":1798,"comment_status":"open","ping_status":"open","sticky":false,"template":"","format":"standard","meta":{"rop_custom_images_group":[],"rop_custom_messages_group":[],"rop_publish_now":"initial","rop_publish_now_accounts":[],"rop_publish_now_history":[],"rop_publish_now_status":"pending","footnotes":""},"categories":[5],"tags":[160,337],"class_list":["post-1797","post","type-post","status-publish","format-standard","has-post-thumbnail","hentry","category-actualidad-informativa","tag-barack-obama","tag-fidel-castro"],"_links":{"self":[{"href":"https:\/\/elinformanteperu.com\/index.php\/wp-json\/wp\/v2\/posts\/1797","targetHints":{"allow":["GET"]}}],"collection":[{"href":"https:\/\/elinformanteperu.com\/index.php\/wp-json\/wp\/v2\/posts"}],"about":[{"href":"https:\/\/elinformanteperu.com\/index.php\/wp-json\/wp\/v2\/types\/post"}],"author":[{"embeddable":true,"href":"https:\/\/elinformanteperu.com\/index.php\/wp-json\/wp\/v2\/users\/1"}],"replies":[{"embeddable":true,"href":"https:\/\/elinformanteperu.com\/index.php\/wp-json\/wp\/v2\/comments?post=1797"}],"version-history":[{"count":1,"href":"https:\/\/elinformanteperu.com\/index.php\/wp-json\/wp\/v2\/posts\/1797\/revisions"}],"predecessor-version":[{"id":1799,"href":"https:\/\/elinformanteperu.com\/index.php\/wp-json\/wp\/v2\/posts\/1797\/revisions\/1799"}],"wp:featuredmedia":[{"embeddable":true,"href":"https:\/\/elinformanteperu.com\/index.php\/wp-json\/wp\/v2\/media\/1798"}],"wp:attachment":[{"href":"https:\/\/elinformanteperu.com\/index.php\/wp-json\/wp\/v2\/media?parent=1797"}],"wp:term":[{"taxonomy":"category","embeddable":true,"href":"https:\/\/elinformanteperu.com\/index.php\/wp-json\/wp\/v2\/categories?post=1797"},{"taxonomy":"post_tag","embeddable":true,"href":"https:\/\/elinformanteperu.com\/index.php\/wp-json\/wp\/v2\/tags?post=1797"}],"curies":[{"name":"wp","href":"https:\/\/api.w.org\/{rel}","templated":true}]}}