{"id":1794,"date":"2016-11-27T01:38:30","date_gmt":"2016-11-27T06:38:30","guid":{"rendered":"http:\/\/elinformanteperu.com\/?p=1794"},"modified":"2016-11-27T01:38:30","modified_gmt":"2016-11-27T06:38:30","slug":"donald-trump-dice-que-hara-todo-para-que-el-pueblo-cubano-sea-libre","status":"publish","type":"post","link":"https:\/\/elinformanteperu.com\/index.php\/2016\/11\/27\/donald-trump-dice-que-hara-todo-para-que-el-pueblo-cubano-sea-libre\/","title":{"rendered":"Donald Trump dice que har\u00e1 \u00abtodo\u00bb para que el pueblo cubano sea libre"},"content":{"rendered":"<p style=\"text-align: justify;\"><strong>El presidente electo de Estados Unidos, Donald Trump, afirm\u00f3 que Fidel Castro fue un \u00abdictador brutal\u00bb y asegur\u00f3 que har\u00e1 \u00abtodo\u00bb para que los cubanos comiencen un camino hacia la \u00abprosperidad y la libertad\u00bb.<\/strong><\/p>\n<p style=\"text-align: justify;\"><strong>Palm Beach, 26 Noviembre 2016, (ANDINA).-<\/strong> El presidente electo de Estados Unidos, Donald Trump, afirm\u00f3 que Fidel Castro fue un \u00abdictador brutal\u00bb y asegur\u00f3 que har\u00e1 \u00abtodo\u00bb para que los cubanos comiencen un camino hacia la \u00abprosperidad y la libertad\u00bb.<\/p>\n<p style=\"text-align: justify;\">\u00abHoy el mundo es testigo del deceso de un dictador brutal que oprimi\u00f3 a su propio pueblo por casi seis d\u00e9cadas\u00bb, expres\u00f3 el mandatario electo en una nota oficial, donde a\u00f1adi\u00f3 que \u00ablas tragedias, muertes y dolor provocados por Fidel Castro no pueden ser borrados\u00bb.<\/p>\n<p style=\"text-align: justify;\">El l\u00edder de la Revoluci\u00f3n Cubana, Fidel Castro, falleci\u00f3 a los 90 a\u00f1os de edad, la noche de este viernes, 25 de noviembre, a las 22H29 (hora local), y sus restos ser\u00e1n cremados \u201catendiendo su voluntad expresa\u201d, seg\u00fan explic\u00f3 Ra\u00fal Castro, visiblemente emocionado.<\/p>\n<p><iframe src=\"https:\/\/www.youtube-nocookie.com\/embed\/XXX3Jrrfw2o?rel=0&amp;controls=0&amp;showinfo=0\" width=\"560\" height=\"315\" frameborder=\"0\" allowfullscreen=\"allowfullscreen\"><\/iframe><\/p>\n","protected":false},"excerpt":{"rendered":"<p>El presidente electo de Estados Unidos, Donald Trump, afirm\u00f3 que Fidel Castro fue un \u00abdictador brutal\u00bb y asegur\u00f3 que har\u00e1 \u00abtodo\u00bb para que los cubanos comiencen un camino hacia la \u00abprosperidad y la libertad\u00bb. Palm Beach, 26 Noviembre 2016, (ANDINA).- El presidente electo de Estados Unidos, Donald Trump, afirm\u00f3 que Fidel Castro fue un \u00abdictador [&hellip;]<\/p>\n","protected":false},"author":1,"featured_media":1795,"comment_status":"open","ping_status":"open","sticky":false,"template":"","format":"standard","meta":{"rop_custom_images_group":[],"rop_custom_messages_group":[],"rop_publish_now":"initial","rop_publish_now_accounts":[],"rop_publish_now_history":[],"rop_publish_now_status":"pending","footnotes":""},"categories":[5],"tags":[183,337],"class_list":["post-1794","post","type-post","status-publish","format-standard","has-post-thumbnail","hentry","category-actualidad-informativa","tag-donald-trump","tag-fidel-castro"],"_links":{"self":[{"href":"https:\/\/elinformanteperu.com\/index.php\/wp-json\/wp\/v2\/posts\/1794","targetHints":{"allow":["GET"]}}],"collection":[{"href":"https:\/\/elinformanteperu.com\/index.php\/wp-json\/wp\/v2\/posts"}],"about":[{"href":"https:\/\/elinformanteperu.com\/index.php\/wp-json\/wp\/v2\/types\/post"}],"author":[{"embeddable":true,"href":"https:\/\/elinformanteperu.com\/index.php\/wp-json\/wp\/v2\/users\/1"}],"replies":[{"embeddable":true,"href":"https:\/\/elinformanteperu.com\/index.php\/wp-json\/wp\/v2\/comments?post=1794"}],"version-history":[{"count":1,"href":"https:\/\/elinformanteperu.com\/index.php\/wp-json\/wp\/v2\/posts\/1794\/revisions"}],"predecessor-version":[{"id":1796,"href":"https:\/\/elinformanteperu.com\/index.php\/wp-json\/wp\/v2\/posts\/1794\/revisions\/1796"}],"wp:featuredmedia":[{"embeddable":true,"href":"https:\/\/elinformanteperu.com\/index.php\/wp-json\/wp\/v2\/media\/1795"}],"wp:attachment":[{"href":"https:\/\/elinformanteperu.com\/index.php\/wp-json\/wp\/v2\/media?parent=1794"}],"wp:term":[{"taxonomy":"category","embeddable":true,"href":"https:\/\/elinformanteperu.com\/index.php\/wp-json\/wp\/v2\/categories?post=1794"},{"taxonomy":"post_tag","embeddable":true,"href":"https:\/\/elinformanteperu.com\/index.php\/wp-json\/wp\/v2\/tags?post=1794"}],"curies":[{"name":"wp","href":"https:\/\/api.w.org\/{rel}","templated":true}]}}