{"id":17902,"date":"2017-11-03T21:50:35","date_gmt":"2017-11-04T02:50:35","guid":{"rendered":"http:\/\/elinformanteperu.com\/?p=17902"},"modified":"2017-11-03T21:51:46","modified_gmt":"2017-11-04T02:51:46","slug":"fifa-rechaza-sancionar-al-peru-ante-reclamo-chileno","status":"publish","type":"post","link":"https:\/\/elinformanteperu.com\/index.php\/2017\/11\/03\/fifa-rechaza-sancionar-al-peru-ante-reclamo-chileno\/","title":{"rendered":"FIFA rechaza sancionar al Per\u00fa ante reclamo chileno"},"content":{"rendered":"<p><strong><span style=\"color: #000000;\">Un portavoz de la FIFA asegur\u00f3 que no se tomar\u00e1n medidas por lo que Chile llam\u00f3 el \u00abpacto de Lima\u00bb entre Per\u00fa y Colombia, tras el empate suscitado entre estas dos selecciones.<\/span><\/strong><\/p>\n<p><span style=\"color: #000000;\"><strong>Lima, 03 Noviembre 2017, (ANDINA).-<\/strong> Un portavoz de la FIFA asegur\u00f3 que no se tomar\u00e1n medidas por lo que Chile llam\u00f3 el \u00abpacto de Lima\u00bb entre Per\u00fa y Colombia, tras el empate suscitado entre estas dos selecciones la \u00faltima fecha de las clasificatorias rumbo a Rusia 2018.<\/span><\/p>\n<p><span style=\"color: #000000;\">Seg\u00fan se conoci\u00f3 en medios chilenos, el citado vocero asegur\u00f3: \u00abPodemos confirmar que la FIFA no tomar\u00e1 medidas en este asunto, dada la ausencia de pruebas que demuestren una infracci\u00f3n al reglamento\u00bb.<\/span><\/p>\n<p><span style=\"color: #000000;\">As\u00ed, la selecci\u00f3n peruana fue ratificada para jugar el partido de repechaje ante Nueva Zelanda, el 10 y 15 de noviembre, para alcanzar un cupo al Mundial de Rusia 2018.<\/span><\/p>\n<p><span style=\"color: #000000;\">Tras lo acontecido en los \u00faltimos minutos del partido entre Per\u00fa y Colombia, el abogado chileno Luis Mariano Rend\u00f3n denunci\u00f3 el hecho ante la Comisi\u00f3n de Integridad de la FIFA, pero fue finalmente desestimado hoy.<\/span><\/p>\n<p><img fetchpriority=\"high\" decoding=\"async\" class=\"aligncenter size-full wp-image-16906\" src=\"http:\/\/elinformanteperu.com\/wp-content\/uploads\/2017\/10\/peru-argentina-bombonera.jpg\" alt=\"\" width=\"1800\" height=\"1200\" srcset=\"https:\/\/elinformanteperu.com\/wp-content\/uploads\/2017\/10\/peru-argentina-bombonera.jpg 1800w, https:\/\/elinformanteperu.com\/wp-content\/uploads\/2017\/10\/peru-argentina-bombonera-300x200.jpg 300w, https:\/\/elinformanteperu.com\/wp-content\/uploads\/2017\/10\/peru-argentina-bombonera-768x512.jpg 768w, https:\/\/elinformanteperu.com\/wp-content\/uploads\/2017\/10\/peru-argentina-bombonera-1024x683.jpg 1024w, https:\/\/elinformanteperu.com\/wp-content\/uploads\/2017\/10\/peru-argentina-bombonera-128x85.jpg 128w, https:\/\/elinformanteperu.com\/wp-content\/uploads\/2017\/10\/peru-argentina-bombonera-32x21.jpg 32w\" sizes=\"(max-width: 1800px) 100vw, 1800px\" \/><\/p>\n","protected":false},"excerpt":{"rendered":"<p>Un portavoz de la FIFA asegur\u00f3 que no se tomar\u00e1n medidas por lo que Chile llam\u00f3 el \u00abpacto de Lima\u00bb entre Per\u00fa y Colombia, tras el empate suscitado entre estas dos selecciones. Lima, 03 Noviembre 2017, (ANDINA).- Un portavoz de la FIFA asegur\u00f3 que no se tomar\u00e1n medidas por lo que Chile llam\u00f3 el \u00abpacto [&hellip;]<\/p>\n","protected":false},"author":1,"featured_media":16053,"comment_status":"open","ping_status":"open","sticky":false,"template":"","format":"standard","meta":{"rop_custom_images_group":[],"rop_custom_messages_group":[],"rop_publish_now":"initial","rop_publish_now_accounts":[],"rop_publish_now_history":[],"rop_publish_now_status":"pending","footnotes":""},"categories":[8],"tags":[268,137],"class_list":["post-17902","post","type-post","status-publish","format-standard","has-post-thumbnail","hentry","category-disciplinas-deportivas","tag-fifa","tag-seleccion-peruana"],"_links":{"self":[{"href":"https:\/\/elinformanteperu.com\/index.php\/wp-json\/wp\/v2\/posts\/17902","targetHints":{"allow":["GET"]}}],"collection":[{"href":"https:\/\/elinformanteperu.com\/index.php\/wp-json\/wp\/v2\/posts"}],"about":[{"href":"https:\/\/elinformanteperu.com\/index.php\/wp-json\/wp\/v2\/types\/post"}],"author":[{"embeddable":true,"href":"https:\/\/elinformanteperu.com\/index.php\/wp-json\/wp\/v2\/users\/1"}],"replies":[{"embeddable":true,"href":"https:\/\/elinformanteperu.com\/index.php\/wp-json\/wp\/v2\/comments?post=17902"}],"version-history":[{"count":2,"href":"https:\/\/elinformanteperu.com\/index.php\/wp-json\/wp\/v2\/posts\/17902\/revisions"}],"predecessor-version":[{"id":17904,"href":"https:\/\/elinformanteperu.com\/index.php\/wp-json\/wp\/v2\/posts\/17902\/revisions\/17904"}],"wp:featuredmedia":[{"embeddable":true,"href":"https:\/\/elinformanteperu.com\/index.php\/wp-json\/wp\/v2\/media\/16053"}],"wp:attachment":[{"href":"https:\/\/elinformanteperu.com\/index.php\/wp-json\/wp\/v2\/media?parent=17902"}],"wp:term":[{"taxonomy":"category","embeddable":true,"href":"https:\/\/elinformanteperu.com\/index.php\/wp-json\/wp\/v2\/categories?post=17902"},{"taxonomy":"post_tag","embeddable":true,"href":"https:\/\/elinformanteperu.com\/index.php\/wp-json\/wp\/v2\/tags?post=17902"}],"curies":[{"name":"wp","href":"https:\/\/api.w.org\/{rel}","templated":true}]}}