{"id":17865,"date":"2017-11-03T00:17:24","date_gmt":"2017-11-03T05:17:24","guid":{"rendered":"http:\/\/elinformanteperu.com\/?p=17865"},"modified":"2017-11-03T00:17:24","modified_gmt":"2017-11-03T05:17:24","slug":"paolo-guerrero-jugadores-de-la-seleccion-preocupados-por-lesion-de-su-capitan","status":"publish","type":"post","link":"https:\/\/elinformanteperu.com\/index.php\/2017\/11\/03\/paolo-guerrero-jugadores-de-la-seleccion-preocupados-por-lesion-de-su-capitan\/","title":{"rendered":"Paolo Guerrero: jugadores de la selecci\u00f3n preocupados por lesi\u00f3n de su capit\u00e1n"},"content":{"rendered":"<p><strong><span style=\"color: #000000;\">La recuperaci\u00f3n de una lesi\u00f3n del delantero Paolo Guerrero preocupa a los seleccionados de Per\u00fa, que jugar\u00e1n ante Nueva Zelanda los partidos de repechaje.<\/span><\/strong><\/p>\n<p><span style=\"color: #000000;\"><strong>Lima, 02 Noviembre 2017, (ANDINA).-<\/strong> La recuperaci\u00f3n de una lesi\u00f3n del delantero Paolo Guerrero preocupa a los seleccionados de Per\u00fa, que jugar\u00e1n ante Nueva Zelanda los partidos de repechaje el 10 y 15 de noviembre por un cupo al Mundial de Rusia 2018.<\/span><\/p>\n<p><span style=\"color: #000000;\">En el campeonato brasile\u00f1o el 19 octubre el Depredador Guerrero sufri\u00f3 un golpe en el muslo izquierdo que lo mantiene en rehabilitaci\u00f3n con el Flamengo.<\/span><\/p>\n<p><span style=\"color: #000000;\">\u00abLa lesi\u00f3n de Paolo Guerrero s\u00ed nos preocupa, pero estamos seguros de que por las ganas de jugar que tiene se recuperar\u00e1\u00bb, dijo a la prensa Yoshimar Yot\u00fan (Orlando City, EE. UU.).<\/span><\/p>\n<p><span style=\"color: #000000;\">\u00abEn caso de que no se recupere a tiempo, hay jugadores con la capacidad de cumplir lo que el profesor (Gareca) buscar\u00e1 en estos partidos\u00bb, asever\u00f3 Yot\u00fan.<\/span><\/p>\n<p><span style=\"color: #000000;\">Pese a la lesi\u00f3n de Guerrero, el mediocampista manifest\u00f3 que el equipo se encuentra concentrado y mentalizado para coronar el objetivo que es llegar a Rusia 2018.<\/span><\/p>\n<p><span style=\"color: #000000;\">\u00abLos partidos hay que jugarlos y ganarlos. No nos sentimos favoritos y los resultados en las eliminatorias as\u00ed lo han demostrado con triunfos sorpresivos por parte nuestra\u00bb, indic\u00f3 Yot\u00fan.<\/span><\/p>\n<p><span style=\"color: #000000;\">Por su parte, el defensa Anderson Santamar\u00eda resalt\u00f3 la importancia que representa Guerrero en el equipo para estos dos partidos de vida o muerte.<\/span><\/p>\n<p><span style=\"color: #000000;\">\u00abEs un jugador muy importante, esperamos que se recupere de la mejor manera porque estos partidos son los m\u00e1s importantes de nuestras vidas\u00bb, coment\u00f3 Santamar\u00eda.<\/span><\/p>\n<p><strong><span style=\"color: #000000;\">Entre algodones<\/span><\/strong><\/p>\n<p><img fetchpriority=\"high\" decoding=\"async\" class=\"aligncenter size-full wp-image-17420\" src=\"http:\/\/elinformanteperu.com\/wp-content\/uploads\/2017\/10\/cueva-paolo-flores.jpg\" alt=\"\" width=\"1800\" height=\"1212\" srcset=\"https:\/\/elinformanteperu.com\/wp-content\/uploads\/2017\/10\/cueva-paolo-flores.jpg 1800w, https:\/\/elinformanteperu.com\/wp-content\/uploads\/2017\/10\/cueva-paolo-flores-300x202.jpg 300w, https:\/\/elinformanteperu.com\/wp-content\/uploads\/2017\/10\/cueva-paolo-flores-768x517.jpg 768w, https:\/\/elinformanteperu.com\/wp-content\/uploads\/2017\/10\/cueva-paolo-flores-1024x689.jpg 1024w, https:\/\/elinformanteperu.com\/wp-content\/uploads\/2017\/10\/cueva-paolo-flores-128x86.jpg 128w, https:\/\/elinformanteperu.com\/wp-content\/uploads\/2017\/10\/cueva-paolo-flores-32x22.jpg 32w\" sizes=\"(max-width: 1800px) 100vw, 1800px\" \/><span style=\"color: #000000;\">El martes, el t\u00e9cnico colombiano Reinaldo Rueda, del Flamengo, descart\u00f3 a Guerrero para jugar ante Fluminense por la vuelta de los cuartos de final de la Copa Sudamericana.<\/span><\/p>\n<p><span style=\"color: #000000;\">El DT de Per\u00fa, el argentino Ricardo Gareca, entren\u00f3 este mi\u00e9rcoles con 14 jugadores, entre los que destacan Yot\u00fan, el delantero Andy Polo (Monarcas Morelia, M\u00e9xico) y el arquero Pedro Gallese (Tiburones Rojos de Veracruz, M\u00e9xico).<\/span><\/p>\n<p><span style=\"color: #000000;\">En el tercer d\u00eda de trabajo de los cinco que tendr\u00e1n en Per\u00fa antes de partir a Wellington, los jugadores priorizaron los trabajos con bal\u00f3n y tambi\u00e9n reforzaron el aspecto t\u00e1ctico para no dejar escapar ning\u00fan detalle.<\/span><\/p>\n<p><span style=\"color: #000000;\">Santamar\u00eda, que milita en el local Melgar de Arequipa, se\u00f1al\u00f3 que Per\u00fa \u00abapostar\u00e1 por un juego al ras del piso\u00bb para neutralizar el juego a\u00e9reo de los kiwis y demostrar su nivel en las clasificatorias sudamericanas.<\/span><\/p>\n<p><span style=\"color: #000000;\">La selecci\u00f3n incaica quedar\u00e1 concentrada desde el s\u00e1bado en Lima antes de viajar en la medianoche del domingo a Nueva Zelanda.<\/span><\/p>\n<p><span style=\"color: #000000;\">Per\u00fa disputar\u00e1 su primer partido el viernes 10 de noviembre en el estadio Westpac de Wellington y el duelo de vuelta ser\u00e1 en el Estadio Nacional de Lima, el mi\u00e9rcoles 15.<\/span><\/p>\n<p><span style=\"color: #000000;\">Per\u00fa, que no disputa un mundial desde Espa\u00f1a 1982, es el \u00faltimo representante de Sudam\u00e9rica en carrera por un boleto a Rusia. Su eventual clasificaci\u00f3n a la cita mundialista elevar\u00eda a cinco los pa\u00edses de la Conmebol con pasaje a tierras rusas. Ya tienen sus boletos Brasil, Uruguay, Argentina y Colombia.<\/span><\/p>\n<p><img decoding=\"async\" class=\"aligncenter size-full wp-image-17074\" src=\"http:\/\/elinformanteperu.com\/wp-content\/uploads\/2017\/10\/paolo-oreja.jpeg\" alt=\"\" width=\"620\" height=\"356\" srcset=\"https:\/\/elinformanteperu.com\/wp-content\/uploads\/2017\/10\/paolo-oreja.jpeg 620w, https:\/\/elinformanteperu.com\/wp-content\/uploads\/2017\/10\/paolo-oreja-300x172.jpeg 300w, https:\/\/elinformanteperu.com\/wp-content\/uploads\/2017\/10\/paolo-oreja-128x73.jpeg 128w, https:\/\/elinformanteperu.com\/wp-content\/uploads\/2017\/10\/paolo-oreja-32x18.jpeg 32w\" sizes=\"(max-width: 620px) 100vw, 620px\" \/><\/p>\n","protected":false},"excerpt":{"rendered":"<p>La recuperaci\u00f3n de una lesi\u00f3n del delantero Paolo Guerrero preocupa a los seleccionados de Per\u00fa, que jugar\u00e1n ante Nueva Zelanda los partidos de repechaje. Lima, 02 Noviembre 2017, (ANDINA).- La recuperaci\u00f3n de una lesi\u00f3n del delantero Paolo Guerrero preocupa a los seleccionados de Per\u00fa, que jugar\u00e1n ante Nueva Zelanda los partidos de repechaje el 10 [&hellip;]<\/p>\n","protected":false},"author":1,"featured_media":17866,"comment_status":"open","ping_status":"open","sticky":false,"template":"","format":"standard","meta":{"rop_custom_images_group":[],"rop_custom_messages_group":[],"rop_publish_now":"initial","rop_publish_now_accounts":[],"rop_publish_now_history":[],"rop_publish_now_status":"pending","footnotes":""},"categories":[8],"tags":[203,2249,137],"class_list":["post-17865","post","type-post","status-publish","format-standard","has-post-thumbnail","hentry","category-disciplinas-deportivas","tag-paolo-guerrero","tag-repechaje-peru-nueva-zelanda","tag-seleccion-peruana"],"_links":{"self":[{"href":"https:\/\/elinformanteperu.com\/index.php\/wp-json\/wp\/v2\/posts\/17865","targetHints":{"allow":["GET"]}}],"collection":[{"href":"https:\/\/elinformanteperu.com\/index.php\/wp-json\/wp\/v2\/posts"}],"about":[{"href":"https:\/\/elinformanteperu.com\/index.php\/wp-json\/wp\/v2\/types\/post"}],"author":[{"embeddable":true,"href":"https:\/\/elinformanteperu.com\/index.php\/wp-json\/wp\/v2\/users\/1"}],"replies":[{"embeddable":true,"href":"https:\/\/elinformanteperu.com\/index.php\/wp-json\/wp\/v2\/comments?post=17865"}],"version-history":[{"count":1,"href":"https:\/\/elinformanteperu.com\/index.php\/wp-json\/wp\/v2\/posts\/17865\/revisions"}],"predecessor-version":[{"id":17867,"href":"https:\/\/elinformanteperu.com\/index.php\/wp-json\/wp\/v2\/posts\/17865\/revisions\/17867"}],"wp:featuredmedia":[{"embeddable":true,"href":"https:\/\/elinformanteperu.com\/index.php\/wp-json\/wp\/v2\/media\/17866"}],"wp:attachment":[{"href":"https:\/\/elinformanteperu.com\/index.php\/wp-json\/wp\/v2\/media?parent=17865"}],"wp:term":[{"taxonomy":"category","embeddable":true,"href":"https:\/\/elinformanteperu.com\/index.php\/wp-json\/wp\/v2\/categories?post=17865"},{"taxonomy":"post_tag","embeddable":true,"href":"https:\/\/elinformanteperu.com\/index.php\/wp-json\/wp\/v2\/tags?post=17865"}],"curies":[{"name":"wp","href":"https:\/\/api.w.org\/{rel}","templated":true}]}}