{"id":17862,"date":"2017-11-03T00:03:46","date_gmt":"2017-11-03T05:03:46","guid":{"rendered":"http:\/\/elinformanteperu.com\/?p=17862"},"modified":"2017-11-03T00:03:46","modified_gmt":"2017-11-03T05:03:46","slug":"banda-irlandesa-u2-lista-para-recibir-galardon-de-los-40-music-awards","status":"publish","type":"post","link":"https:\/\/elinformanteperu.com\/index.php\/2017\/11\/03\/banda-irlandesa-u2-lista-para-recibir-galardon-de-los-40-music-awards\/","title":{"rendered":"Banda irlandesa U2 lista para recibir galard\u00f3n de Los 40 Music Awards"},"content":{"rendered":"<p><strong><span style=\"color: #000000;\">La banda irlandesa U2 recibir\u00e1 el pr\u00f3ximo 10 de noviembre uno de los galardones Golden Music Award 2017, en reconocimiento a su estable y exitosa trayectoria.<\/span><\/strong><\/p>\n<p><span style=\"color: #000000;\"><strong>Madrid, 02 Noviembre 2017, (PL).-<\/strong> La banda irlandesa U2 recibir\u00e1 el pr\u00f3ximo 10 de noviembre uno de los galardones Golden Music Award 2017, en reconocimiento a su estable y exitosa trayectoria, confirman medios de prensa digitales.<\/span><\/p>\n<p><span style=\"color: #000000;\">El grupo, liderado por Bono, conquist\u00f3 el premio honor\u00edfico por su extensa carrera musical, que ascendi\u00f3 desde el debut de la banda en la d\u00e9cada del 70 del pasado siglo, hasta el renovado sonido del rock alternativo de los 90, y adem\u00e1s, por sus contribuciones ben\u00e9ficas.<\/span><\/p>\n<p><span style=\"color: #000000;\">U2 pronto publicar\u00e1 su decimocuarto \u00e1lbum de estudio con el t\u00edtulo Songs of Experience, que ser\u00e1 lanzado al mercado el 1 de diciembre de este a\u00f1o.<\/span><\/p>\n<p><span style=\"color: #000000;\">La ceremonia para la entrega de este lauro se efectuar\u00e1 el WiZink Center de Madrid, donde varios artistas ser\u00e1n homenajeados en diversas clasificaciones.<\/span><\/p>\n<p><span style=\"color: #000000;\">En la misma categor\u00eda de Golden Music Awards, surgida en la edici\u00f3n de 2016, honrar\u00e1n tambi\u00e9n la carrera del espa\u00f1ol Alejandro Sanz y el \u00e9xito mundial que obtuvo el tema Despacito, interpretado por los puertorrique\u00f1os Luis Fonsi y Daddy Yankee.<\/span><\/p>\n<p><span style=\"color: #000000;\">Otro de los que participar\u00e1 en la gala ser\u00e1 el brit\u00e1nico Ed Sheeran, principal artista candidato a Los40 Music Awards 2017, ya que el joven cantante es el l\u00edder de las nominaciones con cinco candidaturas, por delante de David Bisbal, Luis Fonsi y Bruno Mars, quienes optan por cuatro premios.<\/span><\/p>\n<p><span style=\"color: #000000;\">Una parte de la recaudaci\u00f3n de la venta de las entradas se destinar\u00e1 a la Fundaci\u00f3n adEla (Asociaci\u00f3n Espa\u00f1ola de ELA), que se dedica a mejorar la calidad de vida de las personas afectadas con la Esclerosis Lateral Amiotr\u00f3fica (ELA) y la Esclerosis M\u00faltiple.<\/span><\/p>\n<p><iframe src=\"https:\/\/www.youtube-nocookie.com\/embed\/vMtEole8Vzc?rel=0&amp;controls=0&amp;showinfo=0\" width=\"560\" height=\"315\" frameborder=\"0\" allowfullscreen=\"allowfullscreen\"><\/iframe><\/p>\n","protected":false},"excerpt":{"rendered":"<p>La banda irlandesa U2 recibir\u00e1 el pr\u00f3ximo 10 de noviembre uno de los galardones Golden Music Award 2017, en reconocimiento a su estable y exitosa trayectoria. Madrid, 02 Noviembre 2017, (PL).- La banda irlandesa U2 recibir\u00e1 el pr\u00f3ximo 10 de noviembre uno de los galardones Golden Music Award 2017, en reconocimiento a su estable y [&hellip;]<\/p>\n","protected":false},"author":1,"featured_media":17863,"comment_status":"open","ping_status":"open","sticky":false,"template":"","format":"standard","meta":{"rop_custom_images_group":[],"rop_custom_messages_group":[],"rop_publish_now":"initial","rop_publish_now_accounts":[],"rop_publish_now_history":[],"rop_publish_now_status":"pending","footnotes":""},"categories":[69],"tags":[810,809],"class_list":["post-17862","post","type-post","status-publish","format-standard","has-post-thumbnail","hentry","category-musica","tag-bono","tag-u2"],"_links":{"self":[{"href":"https:\/\/elinformanteperu.com\/index.php\/wp-json\/wp\/v2\/posts\/17862","targetHints":{"allow":["GET"]}}],"collection":[{"href":"https:\/\/elinformanteperu.com\/index.php\/wp-json\/wp\/v2\/posts"}],"about":[{"href":"https:\/\/elinformanteperu.com\/index.php\/wp-json\/wp\/v2\/types\/post"}],"author":[{"embeddable":true,"href":"https:\/\/elinformanteperu.com\/index.php\/wp-json\/wp\/v2\/users\/1"}],"replies":[{"embeddable":true,"href":"https:\/\/elinformanteperu.com\/index.php\/wp-json\/wp\/v2\/comments?post=17862"}],"version-history":[{"count":1,"href":"https:\/\/elinformanteperu.com\/index.php\/wp-json\/wp\/v2\/posts\/17862\/revisions"}],"predecessor-version":[{"id":17864,"href":"https:\/\/elinformanteperu.com\/index.php\/wp-json\/wp\/v2\/posts\/17862\/revisions\/17864"}],"wp:featuredmedia":[{"embeddable":true,"href":"https:\/\/elinformanteperu.com\/index.php\/wp-json\/wp\/v2\/media\/17863"}],"wp:attachment":[{"href":"https:\/\/elinformanteperu.com\/index.php\/wp-json\/wp\/v2\/media?parent=17862"}],"wp:term":[{"taxonomy":"category","embeddable":true,"href":"https:\/\/elinformanteperu.com\/index.php\/wp-json\/wp\/v2\/categories?post=17862"},{"taxonomy":"post_tag","embeddable":true,"href":"https:\/\/elinformanteperu.com\/index.php\/wp-json\/wp\/v2\/tags?post=17862"}],"curies":[{"name":"wp","href":"https:\/\/api.w.org\/{rel}","templated":true}]}}