{"id":17754,"date":"2017-11-01T10:01:23","date_gmt":"2017-11-01T15:01:23","guid":{"rendered":"http:\/\/elinformanteperu.com\/?p=17754"},"modified":"2017-11-01T10:01:23","modified_gmt":"2017-11-01T15:01:23","slug":"paolo-guerrero-quedo-descartado-para-jugar-ante-el-fluminense","status":"publish","type":"post","link":"https:\/\/elinformanteperu.com\/index.php\/2017\/11\/01\/paolo-guerrero-quedo-descartado-para-jugar-ante-el-fluminense\/","title":{"rendered":"Paolo Guerrero qued\u00f3 descartado para jugar ante el Fluminense"},"content":{"rendered":"<p><strong><span style=\"color: #000000;\">El delantero peruano Paolo Guerrero fue descartado por el t\u00e9cnico Reinaldo Rueda para el partido que sostendr\u00e1 el Flamengo ante Fluminense por la Copa Sudamericana.<\/span><\/strong><\/p>\n<p><span style=\"color: #000000;\"><strong>R\u00edo de Janeiro, 31 Octubre 2017, (ANDINA).-<\/strong> El delantero peruano Paolo Guerrero fue descartado por el t\u00e9cnico Reinaldo Rueda para el partido que sostendr\u00e1 el Flamengo ante Fluminense por la Copa Sudamericana por lo que tendr\u00e1 m\u00e1s d\u00edas de recuperaci\u00f3n de su lesi\u00f3n para incorporarse a la selecci\u00f3n con miras al repechaje.<\/span><\/p>\n<p><span style=\"color: #000000;\">El delantero nacional no logr\u00f3 recuperarse al 100% y su t\u00e9cnico prefiri\u00f3 no arriesgarlo para el choque de este mi\u00e9rcoles. Adem\u00e1s, desliz\u00f3 la posibilidad que tampoco est\u00e9 recuperado para el duelo del domingo.<\/span><\/p>\n<p><span style=\"color: #000000;\">Este es el cuarto compromiso consecutivo que se pierde Paolo Guerrero con Flamengo a causa de una lesi\u00f3n en el muslo izquierdo, la cual inici\u00f3 en el duelo ante Bah\u00eda en Ilha do Urubu por el Brasileirao.<\/span><\/p>\n<p><span style=\"color: #000000;\">Seg\u00fan el gerente de las selecciones peruana, Antonio Garc\u00eda Pye, Paolo Guerrero estar\u00e1 arribando a Lima el 2 de noviembre.<\/span><\/p>\n<p><span style=\"color: #000000;\">Por el momento se desconoce si Paolo Guerrero podr\u00e1 formar parte del primer enfrentamiento en Wellington contra Nueva Zelanda. Dicho duelo de ida se llevar\u00e1 a cabo en el Westpac Stadium el pr\u00f3ximo viernes 10 de noviembre.<\/span><\/p>\n<p><img fetchpriority=\"high\" decoding=\"async\" class=\"aligncenter size-full wp-image-8873\" src=\"http:\/\/elinformanteperu.com\/wp-content\/uploads\/2017\/04\/guerrero-flamengo4.jpg\" alt=\"\" width=\"1800\" height=\"1200\" srcset=\"https:\/\/elinformanteperu.com\/wp-content\/uploads\/2017\/04\/guerrero-flamengo4.jpg 1800w, https:\/\/elinformanteperu.com\/wp-content\/uploads\/2017\/04\/guerrero-flamengo4-300x200.jpg 300w, https:\/\/elinformanteperu.com\/wp-content\/uploads\/2017\/04\/guerrero-flamengo4-768x512.jpg 768w, https:\/\/elinformanteperu.com\/wp-content\/uploads\/2017\/04\/guerrero-flamengo4-1024x683.jpg 1024w, https:\/\/elinformanteperu.com\/wp-content\/uploads\/2017\/04\/guerrero-flamengo4-128x85.jpg 128w, https:\/\/elinformanteperu.com\/wp-content\/uploads\/2017\/04\/guerrero-flamengo4-32x21.jpg 32w\" sizes=\"(max-width: 1800px) 100vw, 1800px\" \/><\/p>\n","protected":false},"excerpt":{"rendered":"<p>El delantero peruano Paolo Guerrero fue descartado por el t\u00e9cnico Reinaldo Rueda para el partido que sostendr\u00e1 el Flamengo ante Fluminense por la Copa Sudamericana. R\u00edo de Janeiro, 31 Octubre 2017, (ANDINA).- El delantero peruano Paolo Guerrero fue descartado por el t\u00e9cnico Reinaldo Rueda para el partido que sostendr\u00e1 el Flamengo ante Fluminense por la [&hellip;]<\/p>\n","protected":false},"author":1,"featured_media":9672,"comment_status":"open","ping_status":"open","sticky":false,"template":"","format":"standard","meta":{"rop_custom_images_group":[],"rop_custom_messages_group":[],"rop_publish_now":"initial","rop_publish_now_accounts":[],"rop_publish_now_history":[],"rop_publish_now_status":"pending","footnotes":""},"categories":[8],"tags":[2332,227,203,2035],"class_list":["post-17754","post","type-post","status-publish","format-standard","has-post-thumbnail","hentry","category-disciplinas-deportivas","tag-brasileirao","tag-flamengo","tag-paolo-guerrero","tag-reinaldo-rueda"],"_links":{"self":[{"href":"https:\/\/elinformanteperu.com\/index.php\/wp-json\/wp\/v2\/posts\/17754","targetHints":{"allow":["GET"]}}],"collection":[{"href":"https:\/\/elinformanteperu.com\/index.php\/wp-json\/wp\/v2\/posts"}],"about":[{"href":"https:\/\/elinformanteperu.com\/index.php\/wp-json\/wp\/v2\/types\/post"}],"author":[{"embeddable":true,"href":"https:\/\/elinformanteperu.com\/index.php\/wp-json\/wp\/v2\/users\/1"}],"replies":[{"embeddable":true,"href":"https:\/\/elinformanteperu.com\/index.php\/wp-json\/wp\/v2\/comments?post=17754"}],"version-history":[{"count":1,"href":"https:\/\/elinformanteperu.com\/index.php\/wp-json\/wp\/v2\/posts\/17754\/revisions"}],"predecessor-version":[{"id":17755,"href":"https:\/\/elinformanteperu.com\/index.php\/wp-json\/wp\/v2\/posts\/17754\/revisions\/17755"}],"wp:featuredmedia":[{"embeddable":true,"href":"https:\/\/elinformanteperu.com\/index.php\/wp-json\/wp\/v2\/media\/9672"}],"wp:attachment":[{"href":"https:\/\/elinformanteperu.com\/index.php\/wp-json\/wp\/v2\/media?parent=17754"}],"wp:term":[{"taxonomy":"category","embeddable":true,"href":"https:\/\/elinformanteperu.com\/index.php\/wp-json\/wp\/v2\/categories?post=17754"},{"taxonomy":"post_tag","embeddable":true,"href":"https:\/\/elinformanteperu.com\/index.php\/wp-json\/wp\/v2\/tags?post=17754"}],"curies":[{"name":"wp","href":"https:\/\/api.w.org\/{rel}","templated":true}]}}