{"id":17738,"date":"2017-10-31T01:29:55","date_gmt":"2017-10-31T06:29:55","guid":{"rendered":"http:\/\/elinformanteperu.com\/?p=17738"},"modified":"2017-10-31T01:29:55","modified_gmt":"2017-10-31T06:29:55","slug":"letona-insiste-en-necesidad-de-abrir-debate-sobre-pena-de-muerte-para-violadores","status":"publish","type":"post","link":"https:\/\/elinformanteperu.com\/index.php\/2017\/10\/31\/letona-insiste-en-necesidad-de-abrir-debate-sobre-pena-de-muerte-para-violadores\/","title":{"rendered":"Letona insiste en necesidad de abrir debate sobre pena de muerte para violadores"},"content":{"rendered":"<p><strong><span style=\"color: #000000;\">La presidenta de la Comisi\u00f3n de Constituci\u00f3n del Congreso, \u00darsula Letona, consider\u00f3 necesario abrir el debate p\u00fablico sobre la aplicaci\u00f3n de la pena de muerte para casos de violaciones.<\/span><\/strong><\/p>\n<p><span style=\"color: #000000;\"><strong>Lima, 30 Octubre 2017, (ANDINA).<\/strong>&#8211; La presidenta de la Comisi\u00f3n de Constituci\u00f3n del Congreso, \u00darsula Letona, consider\u00f3 necesario abrir el debate p\u00fablico sobre la conveniencia de aplicar la pena de muerte para casos de violaciones sexuales de menores de edad.<\/span><\/p>\n<p><span style=\"color: #000000;\">En declaraciones a la prensa, dijo que fruto de ese debate debe tomarse la decisi\u00f3n m\u00e1s apropiada para los intereses del pa\u00eds y de la mayor\u00eda de peruanos.<\/span><\/p>\n<p><span style=\"color: #000000;\">Consider\u00f3, en ese sentido, que la pertenencia del Per\u00fa al Pacto de San Jos\u00e9, que proh\u00edbe la pena de muerte, no puede ser un impedimento para realizar ese debate.<\/span><\/p>\n<p><span style=\"color: #000000;\">Por ejemplo, consider\u00f3 que uno de los aspectos de dicha discusi\u00f3n deber\u00eda girar en torno a si es posible aplicar la pena de muerte sin necesidad de denunciar al citado tratado internacional.<\/span><\/p>\n<p><span style=\"color: #000000;\">\u201cLo que no podemos hacer es decir: porque somos miembros del Pacto de San Jos\u00e9 no podemos aplicar esto. Lo que hay que hacer es pol\u00edtica p\u00fablica distinta, hay que generar cambios y abrir la discusi\u00f3n y el debate\u201d, manifest\u00f3.<\/span><\/p>\n<p><span style=\"color: #000000;\">Seg\u00fan dijo, para evitar posibles fallas en la aplicaci\u00f3n de una condena de esa envergadura, una alternativa podr\u00eda ser contar con tribunales ad hoc para casos de violaciones sexuales de menores de edad.<\/span><\/p>\n<p><span style=\"color: #000000;\">Sectores del Congreso, principalmente la bancada fujimorista de Fuerza Popular, se pronunciaron a favor de aplicar la pena de muerte para casos de violaciones de menores de edad. La propuesta recibi\u00f3 el respaldo en la v\u00edspera del ministro de Justicia, Enrique Mendoza.<\/span><\/p>\n<p><span style=\"color: #000000;\">Aplicar la pena de muerte en el Per\u00fa obligar\u00eda a modificar la Constituci\u00f3n, que establece esa sanci\u00f3n para traici\u00f3n a la patria en caso de guerra, y a denunciar tratados internacionales suscritos por el Estado peruano.<\/span><\/p>\n","protected":false},"excerpt":{"rendered":"<p>La presidenta de la Comisi\u00f3n de Constituci\u00f3n del Congreso, \u00darsula Letona, consider\u00f3 necesario abrir el debate p\u00fablico sobre la aplicaci\u00f3n de la pena de muerte para casos de violaciones. Lima, 30 Octubre 2017, (ANDINA).&#8211; La presidenta de la Comisi\u00f3n de Constituci\u00f3n del Congreso, \u00darsula Letona, consider\u00f3 necesario abrir el debate p\u00fablico sobre la conveniencia de [&hellip;]<\/p>\n","protected":false},"author":1,"featured_media":4893,"comment_status":"open","ping_status":"open","sticky":false,"template":"","format":"standard","meta":{"rop_custom_images_group":[],"rop_custom_messages_group":[],"rop_publish_now":"initial","rop_publish_now_accounts":[],"rop_publish_now_history":[],"rop_publish_now_status":"pending","footnotes":""},"categories":[5],"tags":[192,2303,166,926],"class_list":["post-17738","post","type-post","status-publish","format-standard","has-post-thumbnail","hentry","category-actualidad-informativa","tag-congreso","tag-enrique-mendoza","tag-ministerio-de-justicia","tag-ursula-letona"],"_links":{"self":[{"href":"https:\/\/elinformanteperu.com\/index.php\/wp-json\/wp\/v2\/posts\/17738","targetHints":{"allow":["GET"]}}],"collection":[{"href":"https:\/\/elinformanteperu.com\/index.php\/wp-json\/wp\/v2\/posts"}],"about":[{"href":"https:\/\/elinformanteperu.com\/index.php\/wp-json\/wp\/v2\/types\/post"}],"author":[{"embeddable":true,"href":"https:\/\/elinformanteperu.com\/index.php\/wp-json\/wp\/v2\/users\/1"}],"replies":[{"embeddable":true,"href":"https:\/\/elinformanteperu.com\/index.php\/wp-json\/wp\/v2\/comments?post=17738"}],"version-history":[{"count":1,"href":"https:\/\/elinformanteperu.com\/index.php\/wp-json\/wp\/v2\/posts\/17738\/revisions"}],"predecessor-version":[{"id":17739,"href":"https:\/\/elinformanteperu.com\/index.php\/wp-json\/wp\/v2\/posts\/17738\/revisions\/17739"}],"wp:featuredmedia":[{"embeddable":true,"href":"https:\/\/elinformanteperu.com\/index.php\/wp-json\/wp\/v2\/media\/4893"}],"wp:attachment":[{"href":"https:\/\/elinformanteperu.com\/index.php\/wp-json\/wp\/v2\/media?parent=17738"}],"wp:term":[{"taxonomy":"category","embeddable":true,"href":"https:\/\/elinformanteperu.com\/index.php\/wp-json\/wp\/v2\/categories?post=17738"},{"taxonomy":"post_tag","embeddable":true,"href":"https:\/\/elinformanteperu.com\/index.php\/wp-json\/wp\/v2\/tags?post=17738"}],"curies":[{"name":"wp","href":"https:\/\/api.w.org\/{rel}","templated":true}]}}