{"id":17692,"date":"2017-10-30T01:06:35","date_gmt":"2017-10-30T06:06:35","guid":{"rendered":"http:\/\/elinformanteperu.com\/?p=17692"},"modified":"2017-10-30T01:06:35","modified_gmt":"2017-10-30T06:06:35","slug":"oficializan-anunciado-aumento-de-sueldos-para-maestros-desde-noviembre","status":"publish","type":"post","link":"https:\/\/elinformanteperu.com\/index.php\/2017\/10\/30\/oficializan-anunciado-aumento-de-sueldos-para-maestros-desde-noviembre\/","title":{"rendered":"Oficializan anunciado aumento de sueldos para maestros desde noviembre"},"content":{"rendered":"<p><strong><span style=\"color: #000000;\">El gobierno oficializ\u00f3 el aumento de sueldos anunciado para los maestros que empieza a regir desde noviembre, por lo cual el salario m\u00ednimo de los profesores ser\u00e1 de S\/ 2,000.<\/span><\/strong><\/p>\n<p><span style=\"color: #000000;\"><strong>Lima, 29 Octubre 2017, (ANDINA).-<\/strong> El gobierno oficializ\u00f3 el aumento de sueldos anunciado para los maestros que empieza a regir desde noviembre, por lo cual el salario m\u00ednimo de los profesores ser\u00e1 de S\/ 2,000.<\/span><\/p>\n<p><span style=\"color: #000000;\">El Decreto Supremo N 305-2017-EF publicado en el diario oficial El Peruano, fija la Remuneraci\u00f3n \u00cdntegra Mensual\u2013RIM del profesor de la Primera Escala Magisterial de la Carrera P\u00fablica Magisterial.<\/span><\/p>\n<p><span style=\"color: #000000;\">La norma indica que el monto por hora de trabaj0 asciende a S\/ 66,67.<\/span><\/p>\n<p><span style=\"color: #000000;\">El ministro de Educaci\u00f3n, Idel Vexler, dijo a la Agencia Andina, que la publicaci\u00f3n de esta disposici\u00f3n es una clara muestra de que el gobierno est\u00e1 cumpliendo los compromisos asumidos con los maestros.<\/span><\/p>\n<p><span style=\"color: #000000;\">Record\u00f3 que antes del inicio del gobierno de Pedro Pablo Kuczynski un maestro ganaba un sueldo de S\/ 1,550 y que ahora en la primera escala percibir\u00e1 como minimo S\/ 2,000.<\/span><\/p>\n<p><span style=\"color: #000000;\">Anot\u00f3 que esta medida beneficia por igual a profesores nombrados y contratados, tal como se anunci\u00f3.<\/span><\/p>\n<p><span style=\"color: #000000;\">La suma mencionada es para los docentes de educaci\u00f3n b\u00e1sica regular, educaci\u00f3n b\u00e1sica especial, b\u00e1sica alternativa y t\u00e9cnico productiva con 30 horas de labores.<\/span><\/p>\n<p><span style=\"color: #000000;\">En el caso espec\u00edfico de los maestros de educaci\u00f3n b\u00e1sica alternativa nivel avanzado, con 26 horas de trabjo, el sueldo es de S\/ 1,733,42.<\/span><\/p>\n<p><span style=\"color: #000000;\">Se precisa asimismo, que el profesorado contratado que labore menos de la jornada laboral establecida para la modalidad, forma, nivel o ciclo en que presta sus servicios, el pago de la remuneraci\u00f3n mensual se realiza en forma proporcional a las horas contratadas.<\/span><\/p>\n<p><span style=\"color: #000000;\">En otro de sus art\u00edculos, el decreto se\u00f1ala que los profesores contratados que prestan servicios como coordinadores en el Programa No Escolarizado de Educaci\u00f3n Inicial (PRONOEI) o como Docente Coordinador en la Oficina Nacional Diocesana de Educaci\u00f3n Cat\u00f3lica (ONDEC) o en la Oficina Diocesana de Educaci\u00f3n Cat\u00f3lica (ODEC) percibir\u00e1n una remuneraci\u00f3n mensual de S\/ 2,666,80.<\/span><\/p>\n","protected":false},"excerpt":{"rendered":"<p>El gobierno oficializ\u00f3 el aumento de sueldos anunciado para los maestros que empieza a regir desde noviembre, por lo cual el salario m\u00ednimo de los profesores ser\u00e1 de S\/ 2,000. Lima, 29 Octubre 2017, (ANDINA).- El gobierno oficializ\u00f3 el aumento de sueldos anunciado para los maestros que empieza a regir desde noviembre, por lo cual [&hellip;]<\/p>\n","protected":false},"author":1,"featured_media":14967,"comment_status":"open","ping_status":"open","sticky":false,"template":"","format":"standard","meta":{"rop_custom_images_group":[],"rop_custom_messages_group":[],"rop_publish_now":"initial","rop_publish_now_accounts":[],"rop_publish_now_history":[],"rop_publish_now_status":"pending","footnotes":""},"categories":[10],"tags":[74,1421],"class_list":["post-17692","post","type-post","status-publish","format-standard","has-post-thumbnail","hentry","category-actualidad-municipal","tag-pedro-pablo-kuczynski","tag-poder-ejecutivo"],"_links":{"self":[{"href":"https:\/\/elinformanteperu.com\/index.php\/wp-json\/wp\/v2\/posts\/17692","targetHints":{"allow":["GET"]}}],"collection":[{"href":"https:\/\/elinformanteperu.com\/index.php\/wp-json\/wp\/v2\/posts"}],"about":[{"href":"https:\/\/elinformanteperu.com\/index.php\/wp-json\/wp\/v2\/types\/post"}],"author":[{"embeddable":true,"href":"https:\/\/elinformanteperu.com\/index.php\/wp-json\/wp\/v2\/users\/1"}],"replies":[{"embeddable":true,"href":"https:\/\/elinformanteperu.com\/index.php\/wp-json\/wp\/v2\/comments?post=17692"}],"version-history":[{"count":1,"href":"https:\/\/elinformanteperu.com\/index.php\/wp-json\/wp\/v2\/posts\/17692\/revisions"}],"predecessor-version":[{"id":17693,"href":"https:\/\/elinformanteperu.com\/index.php\/wp-json\/wp\/v2\/posts\/17692\/revisions\/17693"}],"wp:featuredmedia":[{"embeddable":true,"href":"https:\/\/elinformanteperu.com\/index.php\/wp-json\/wp\/v2\/media\/14967"}],"wp:attachment":[{"href":"https:\/\/elinformanteperu.com\/index.php\/wp-json\/wp\/v2\/media?parent=17692"}],"wp:term":[{"taxonomy":"category","embeddable":true,"href":"https:\/\/elinformanteperu.com\/index.php\/wp-json\/wp\/v2\/categories?post=17692"},{"taxonomy":"post_tag","embeddable":true,"href":"https:\/\/elinformanteperu.com\/index.php\/wp-json\/wp\/v2\/tags?post=17692"}],"curies":[{"name":"wp","href":"https:\/\/api.w.org\/{rel}","templated":true}]}}