{"id":17645,"date":"2017-10-28T13:18:46","date_gmt":"2017-10-28T18:18:46","guid":{"rendered":"http:\/\/elinformanteperu.com\/?p=17645"},"modified":"2017-10-28T13:18:46","modified_gmt":"2017-10-28T18:18:46","slug":"trump-y-el-efecto-invernadero","status":"publish","type":"post","link":"https:\/\/elinformanteperu.com\/index.php\/2017\/10\/28\/trump-y-el-efecto-invernadero\/","title":{"rendered":"Trump y el efecto invernadero"},"content":{"rendered":"<p><strong><span style=\"color: #000000;\">Opini\u00f3n de Carlos Javier Le\u00f3n Ugarte. Una ingrata noticia se dio a inicios de junio de este a\u00f1o. El presidente norteamericano Donald Trump cumpli\u00f3 una desalmada promesa de su campa\u00f1a electoral, retirar a su pa\u00eds del \u201cAcuerdo de Paris\u201d.<\/span><\/strong><\/p>\n<p><span style=\"color: #000000;\"><strong>Lima, 28 Octubre 2017, (Especial para El Informante Per\u00fa).-<\/strong> Bien nos dec\u00eda la gran Terry Swearingen: \u201cVivimos en la tierra como si tuvi\u00e9ramos otra a la que ir\u201d. Al parecer no tomamos conciencia aun de lo que estamos originando con nuestro planeta. Aumento del nivel del mar, largos d\u00edas de lluvia, olas de calor insoportable, tormentas, especies en extinci\u00f3n, nuevas enfermedades, desaparici\u00f3n de glaciares, destrucci\u00f3n de ecosistemas y grandes epidemias; son solo algunas de las consecuencias iniciales hacia la destrucci\u00f3n de nuestro h\u00e1bitat. El presidente norteamericano con sus acciones, se ha esmerado en contribuir hacia un rumbo gris de nuestro medio ambiente.<\/span><\/p>\n<p><span style=\"color: #000000;\">Una ingrata noticia se dio a inicios de junio de este a\u00f1o. El presidente norteamericano Donald Trump cumpli\u00f3 una desalmada promesa de su campa\u00f1a electoral, retirar a su pa\u00eds del \u201cAcuerdo de Paris\u201d aduciendo tomar una decisi\u00f3n en pro de los intereses econ\u00f3micos de la naci\u00f3n. En 2012, el entonces magnate Donald Trump calific\u00f3 el cambio clim\u00e1tico como un \u00abenga\u00f1o chino\u00bb que perjudica a las industrias estadounidenses.<\/span><\/p>\n<p><span style=\"color: #000000;\">Lo positivo de esa incorrecta decisi\u00f3n, fue que no bien se anunci\u00f3 la infausta noticia, todos los dem\u00e1s pa\u00edses del mundo reiteraron su compromiso y comunicaron que no se iban a retirar del acuerdo aunque Estados Unidos lo hiciese.<\/span><\/p>\n<p><span style=\"color: #000000;\">Ha de saber que el \u201cAcuerdo de Par\u00eds\u201d es un acuerdo dentro del marco de la Convenci\u00f3n Marco de las Naciones Unidas sobre el Cambio Clim\u00e1tico que establece medidas para la reducci\u00f3n de las emisiones de Gases de Efecto Invernadero (GEI) a trav\u00e9s de la mitigaci\u00f3n, adaptaci\u00f3n y resiliencia de los ecosistemas a efectos del Calentamiento Global. Su aplicabilidad ser\u00eda para el a\u00f1o 2020.<\/span><\/p>\n<p><span style=\"color: #000000;\">El d\u00eda lunes el pa\u00eds de Nicaragua se adhiri\u00f3 al acuerdo, dejando solo a Estados Unidos y Siria como los \u00fanicos dos pa\u00edses fuera del pacto clim\u00e1tico mundial. Esta decisi\u00f3n del pa\u00eds centroamericano fue con un enfoque ideol\u00f3gico, ya que lo que menos hubiere querido Daniel Ortega es estar en un grupo al lado de Norteam\u00e9rica. No importa lo que empuj\u00f3 a la iniciativa, lo importante es que ahora ya todos los pa\u00edses latinoamericanos son parte de \u00e9ste.<\/span><\/p>\n<p><span style=\"color: #000000;\">De hecho, los pa\u00edses latinoamericanos son los que m\u00e1s han expresado su preocupaci\u00f3n por la decisi\u00f3n de Estados Unidos, esto debido a la reducci\u00f3n de transferencia de tecnolog\u00eda y financiaci\u00f3n internacional que supondr\u00eda la retirada de ese pa\u00eds para su proceso de transici\u00f3n energ\u00e9tica.\u200b<\/span><\/p>\n<p><span style=\"color: #000000;\">Por ello no aislado el compromiso asumido por estos pa\u00edses, ya que la inclemencia de la naturaleza trajo y traer\u00e1 aun consecuencias irreversibles para nuestras ciudades. Los huracanes Mar\u00eda, Jos\u00e9 e Irma y hasta el aciago Ni\u00f1o Costero que sufrimos este a\u00f1o no fueron controlados precisamente porque su impacto se excedi\u00f3 a lo calculado y planificado.<\/span><\/p>\n<p><span style=\"color: #000000;\">Particularmente el Per\u00fa es el tercer pa\u00eds m\u00e1s vulnerable al cambio clim\u00e1tico, por ello nuestro pa\u00eds present\u00f3 en el G21 su compromiso de reducci\u00f3n de GEI hasta el 30% al 2030, con la salvedad de que 10% de ese compromiso se lograr\u00e1 si se obtiene financiamiento internacional.<\/span><\/p>\n<p><span style=\"color: #000000;\">Es importante mencionar que la proyecci\u00f3n normal en Per\u00fa en un escenario en que no se tome ninguna acci\u00f3n de mitigaci\u00f3n hacia el 2030, el pa\u00eds emitir\u00e1 7,5 de toneladas de di\u00f3xido de carbono, que incluye otros gases con el mismo efecto para los peruanos. Es decir, 38% m\u00e1s que en el 2010, tomado como base para los c\u00e1lculos.<\/span><\/p>\n<p><span style=\"color: #000000;\">Habr\u00eda que preguntarle al Gobierno actual que tanto se est\u00e1 haciendo para cumplirlo. Por lo pronto la ministra de Ambiente, Elsa Galarza; indic\u00f3 que durante las ocho horas que se realiz\u00f3 el Censo Nacional, nuestro pa\u00eds redujo sus niveles de contaminaci\u00f3n a nivel nacional a 32 toneladas en emisiones de material particulado y hasta 14,700 toneladas de CO2 en la emisi\u00f3n de gases de efecto invernadero, algo as\u00ed como 40 hect\u00e1reas de bosque tropical amaz\u00f3nico conservados, equivalente al tama\u00f1o de 56 estadios nacionales de f\u00fatbol. \u00a1Emocionante!<\/span><\/p>\n<p><span style=\"color: #000000;\">Deber\u00eda aprovecharse estas pr\u00e1cticas a nivel nacional dos o tres veces al a\u00f1o por Decreto Supremo. Aunque los empresarios y particulares refunfu\u00f1en.<\/span><\/p>\n<p><span style=\"color: #000000;\">Sin embargo el Per\u00fa es un emisor menor en comparaci\u00f3n con las econom\u00edas m\u00e1s grandes, encabezadas por el propio Estados Unidos y China. Seg\u00fan la BBC Mundo, en la actualidad, China es el pa\u00eds que m\u00e1s contamina, con 10,64 kilotones de CO2 emitidos a la atm\u00f3sfera, seguido de Estados Unidos con 5,17, seg\u00fan la Base de Datos de Emisiones para la Investigaci\u00f3n Atmosf\u00e9rica Global (EDGAR, por sus siglas en ingl\u00e9s).<\/span><\/p>\n<p><span style=\"color: #000000;\">De cerca le sigue la Uni\u00f3n Europea, que incluye a pa\u00edses industrializados como Reino Unido, Alemania y Francia, con 25%. China est\u00e1 en el tercer lugar (11%), seguido por Rusia (8%), Jap\u00f3n (4%) India (3%) y Canad\u00e1 (2%).<\/span><\/p>\n<p><span style=\"color: #000000;\">Volviendo a Estados Unidos es preocupante que solo en este a\u00f1o bajo la administraci\u00f3n de Trump no solo se haya salido del \u201cAcuerdo de Paris\u201d, sino que adem\u00e1s cancel\u00f3 la normativa que habr\u00eda contribuido a evitar que las tortugas marinas y las ballenas en peligro se quedasen enganchadas en redes de pesca. Firm\u00f3 adem\u00e1s una orden ejecutiva para revisar las prohibiciones sobre las perforaciones costeras de petr\u00f3leo y gas natural en algunas partes del \u00c1rtico, el Pac\u00edfico y el Atl\u00e1ntico.<\/span><\/p>\n<p><span style=\"color: #000000;\">Tambi\u00e9n revoc\u00f3 la \u201cNorma para la Protecci\u00f3n de Arroyos\u201d, que impon\u00eda restricciones m\u00e1s estrictas sobre los vertidos de desechos mineros en los arroyos; y principalmente acciones de reducci\u00f3n del presupuesto para la conservaci\u00f3n del medio ambiente.<\/span><\/p>\n<p><span style=\"color: #000000;\">Seg\u00fan National Geographic, el presupuesto del presidente Trump para 2018, exigir\u00e1 recortes masivos en investigaci\u00f3n cient\u00edfica y en programas medioambientales que protegen el aire y el agua en un 31%, un recorte mucho mayor que en ninguna otra agencia gubernamental. Estos recortes podr\u00edan traducirse en una reducci\u00f3n de gasto de 2.700 millones de d\u00f3lares y la p\u00e9rdida de 3.200 empleos, seg\u00fan un an\u00e1lisis del Instituto de Recursos Mundial.<\/span><\/p>\n<p><span style=\"color: #000000;\">Inclusive la Agencia de Protecci\u00f3n Ambiental de Estados Unidos (EPA por sus siglas en ingl\u00e9s) desapareci\u00f3 de la web toda informaci\u00f3n dedicada al cambio clim\u00e1tico deshaci\u00e9ndose incluso de la versi\u00f3n en espa\u00f1ol de su p\u00e1gina sobre el cambio clim\u00e1tico. Como si as\u00ed se invisibilizara un gigantesco problema para la humanidad.<\/span><\/p>\n<p><span style=\"color: #000000;\">Mientras esto sucede, c\u00ednicamente Trump afirma que su pa\u00eds pedir\u00e1 renegociar el tratado \u00aben t\u00e9rminos justos para Estados Unidos\u00bb como condici\u00f3n para retornar al mismo: \u00abTrabajar\u00e9 para garantizar que Estados Unidos se mantenga como el l\u00edder mundial en temas ambientales, pero bajo un marco que sea justo\u00bb, indica sin sangre en la cara. Como dec\u00eda la gran cient\u00edfica ambiental norteamericana: \u201cPuede que seas capaz de enga\u00f1ar a los votantes, pero no a la atm\u00f3sfera\u201d. Precisamente la atm\u00f3sfera ya comenz\u00f3 a hacer su parte y pareciese que Trump ya empez\u00f3 a sufrir los embates de una conciencia neutralizada, adormecida producto tambi\u00e9n del Efecto Invernadero.<\/span><\/p>\n<p><strong><span style=\"color: #000000;\">(*) Periodista. Twitter: @carlosjavierlu<\/span><\/strong><\/p>\n","protected":false},"excerpt":{"rendered":"<p>Opini\u00f3n de Carlos Javier Le\u00f3n Ugarte. Una ingrata noticia se dio a inicios de junio de este a\u00f1o. El presidente norteamericano Donald Trump cumpli\u00f3 una desalmada promesa de su campa\u00f1a electoral, retirar a su pa\u00eds del \u201cAcuerdo de Paris\u201d. Lima, 28 Octubre 2017, (Especial para El Informante Per\u00fa).- Bien nos dec\u00eda la gran Terry Swearingen: [&hellip;]<\/p>\n","protected":false},"author":1,"featured_media":17646,"comment_status":"open","ping_status":"open","sticky":false,"template":"","format":"standard","meta":{"rop_custom_images_group":[],"rop_custom_messages_group":[],"rop_publish_now":"initial","rop_publish_now_accounts":[],"rop_publish_now_history":[],"rop_publish_now_status":"pending","footnotes":""},"categories":[11],"tags":[1705,1699],"class_list":["post-17645","post","type-post","status-publish","format-standard","has-post-thumbnail","hentry","category-opinion-libre","tag-carlos-javier-leon-ugarte","tag-opinion-libre"],"_links":{"self":[{"href":"https:\/\/elinformanteperu.com\/index.php\/wp-json\/wp\/v2\/posts\/17645","targetHints":{"allow":["GET"]}}],"collection":[{"href":"https:\/\/elinformanteperu.com\/index.php\/wp-json\/wp\/v2\/posts"}],"about":[{"href":"https:\/\/elinformanteperu.com\/index.php\/wp-json\/wp\/v2\/types\/post"}],"author":[{"embeddable":true,"href":"https:\/\/elinformanteperu.com\/index.php\/wp-json\/wp\/v2\/users\/1"}],"replies":[{"embeddable":true,"href":"https:\/\/elinformanteperu.com\/index.php\/wp-json\/wp\/v2\/comments?post=17645"}],"version-history":[{"count":1,"href":"https:\/\/elinformanteperu.com\/index.php\/wp-json\/wp\/v2\/posts\/17645\/revisions"}],"predecessor-version":[{"id":17647,"href":"https:\/\/elinformanteperu.com\/index.php\/wp-json\/wp\/v2\/posts\/17645\/revisions\/17647"}],"wp:featuredmedia":[{"embeddable":true,"href":"https:\/\/elinformanteperu.com\/index.php\/wp-json\/wp\/v2\/media\/17646"}],"wp:attachment":[{"href":"https:\/\/elinformanteperu.com\/index.php\/wp-json\/wp\/v2\/media?parent=17645"}],"wp:term":[{"taxonomy":"category","embeddable":true,"href":"https:\/\/elinformanteperu.com\/index.php\/wp-json\/wp\/v2\/categories?post=17645"},{"taxonomy":"post_tag","embeddable":true,"href":"https:\/\/elinformanteperu.com\/index.php\/wp-json\/wp\/v2\/tags?post=17645"}],"curies":[{"name":"wp","href":"https:\/\/api.w.org\/{rel}","templated":true}]}}