{"id":17600,"date":"2017-10-28T11:22:32","date_gmt":"2017-10-28T16:22:32","guid":{"rendered":"http:\/\/elinformanteperu.com\/?p=17600"},"modified":"2017-10-28T11:22:32","modified_gmt":"2017-10-28T16:22:32","slug":"alcoholismo-fetal","status":"publish","type":"post","link":"https:\/\/elinformanteperu.com\/index.php\/2017\/10\/28\/alcoholismo-fetal\/","title":{"rendered":"Alcoholismo fetal"},"content":{"rendered":"<p><strong><span style=\"color: #000000;\">Opini\u00f3n de Claudia Brihuega Ortiz. El consumo de alcohol durante el embarazo perjudica el desarrollo del beb\u00e9 desde el primer momento y tiene secuelas a largo plazo para esa nueva vida que se desarrollar\u00e1 con los a\u00f1os.<\/span><\/strong><\/p>\n<p><span style=\"color: #000000;\"><strong>Madrid, 28 Octubre 2017, (Especial para El Informante Per\u00fa).-<\/strong> El s\u00edndrome de alcoholismo fetal puede causar problemas funcionales f\u00edsicos o sensoriales, de crecimiento y provocar trastornos del aprendizaje o del comportamiento. Puede estar presente en beb\u00e9s cuya apariencia y crecimiento no est\u00e9 afectado. Ha sido reconocido como problema de salud p\u00fablica por la Organizaci\u00f3n Mundial de la Salud (OMS).<\/span><\/p>\n<p><span style=\"color: #000000;\">La Provincia Occidental del Cabo, en Sud\u00e1frica, registra la tasa m\u00e1s alta de casos. El s\u00edndrome de alcoholismo fetal es de dif\u00edcil curaci\u00f3n. Los tratamientos m\u00e9dicos y psicopedag\u00f3gicos intentan mejorar la calidad de vida de los ni\u00f1os a trav\u00e9s del desarrollo del aprendizaje y del lenguaje, resolver problemas de conducta, de memoria y el d\u00e9ficit de atenci\u00f3n. \u201cCuando estaba embarazada beb\u00eda mucho. Mi tercer hijo tiene problemas\u201d dice Marion Williams, empez\u00f3 a beber cuando era adolescente, ahora tiene 45 a\u00f1os.<\/span><\/p>\n<p><span style=\"color: #000000;\">NoFAS es una organizaci\u00f3n creada en 2003 en Reino Unido. Una red de prevenci\u00f3n y actuaci\u00f3n, presente en muchos pa\u00edses, formada por un equipo interdisciplinar que trabaja para la difusi\u00f3n de informaci\u00f3n a las futuras madres y de los recursos necesarios para el tratamiento.<\/span><\/p>\n<p><span style=\"color: #000000;\">El alcohol forma parte de la cultura de muchas sociedades. La publicidad de bebidas alcoh\u00f3licas sugiere un mundo de diversi\u00f3n y aventuras. Es un reclamo para las adolescentes, adem\u00e1s de la desinhibici\u00f3n que les proporciona, es un producto accesible y asequible. La falta de informaci\u00f3n y de medidas de prevenci\u00f3n crean los falsos mitos de \u201cyo controlo\u201d. En algunos casos, el inicio temprano en el consumo de alcohol conlleva a la dependencia y el abuso en edades m\u00e1s tard\u00edas.<\/span><\/p>\n<p><span style=\"color: #000000;\">Hay personas que recurren a \u00e9l como v\u00eda de escape o por repetici\u00f3n de la conducta aprendida durante la infancia. Las mujeres en situaci\u00f3n de riesgo de exclusi\u00f3n social que consumen no suelen acudir a las revisiones m\u00e9dicas, supondr\u00eda reconocer la adicci\u00f3n y hablar sobre los conflictos personales. No hay un porcentaje de alcohol apropiado para las mujeres embarazadas, es una sustancia t\u00f3xica que perjudica el desarrollo del beb\u00e9 desde el primer momento. El diagn\u00f3stico y la atenci\u00f3n temprana en estos casos son vitales.<\/span><\/p>\n<p><span style=\"color: #000000;\">Irene tiene seis a\u00f1os, con siete meses ingres\u00f3 en un Centro de Acogida tras recibir el alta en el hospital donde hab\u00eda estado ingresada desde que naci\u00f3. Sufre secuelas f\u00edsicas, pero tambi\u00e9n emocionales.<\/span><\/p>\n<p><span style=\"color: #000000;\">Hasta hace unos d\u00edas no ha preguntado por sus padres a los educadores del Centro en el que vive. \u201cEs preferible perder aquello que se tuvo a no saber que se siente al tenerlo\u201d cuenta una de sus educadoras.<\/span><\/p>\n<p><span style=\"color: #000000;\">La intervenci\u00f3n con las madres lucha contra el estigma social no s\u00f3lo por su adicci\u00f3n sino tambi\u00e9n por el error cometido. No es cuesti\u00f3n de ser o no ser una buena madre, no se trata de buscar culpables. El estigma social est\u00e1 presente en la forma de actuar y en el lenguaje que se utiliza, es positivo trasladar la carga del mensaje. La educaci\u00f3n es la llave para el cambio, debe ser global e implicar a todos los actores de la sociedad.<\/span><\/p>\n<p><strong><span style=\"color: #000000;\">(*) Periodista.<\/span><\/strong><\/p>\n","protected":false},"excerpt":{"rendered":"<p>Opini\u00f3n de Claudia Brihuega Ortiz. El consumo de alcohol durante el embarazo perjudica el desarrollo del beb\u00e9 desde el primer momento y tiene secuelas a largo plazo para esa nueva vida que se desarrollar\u00e1 con los a\u00f1os. Madrid, 28 Octubre 2017, (Especial para El Informante Per\u00fa).- El s\u00edndrome de alcoholismo fetal puede causar problemas funcionales [&hellip;]<\/p>\n","protected":false},"author":1,"featured_media":17601,"comment_status":"open","ping_status":"open","sticky":false,"template":"","format":"standard","meta":{"rop_custom_images_group":[],"rop_custom_messages_group":[],"rop_publish_now":"initial","rop_publish_now_accounts":[],"rop_publish_now_history":[],"rop_publish_now_status":"pending","footnotes":""},"categories":[11],"tags":[2325,1699],"class_list":["post-17600","post","type-post","status-publish","format-standard","has-post-thumbnail","hentry","category-opinion-libre","tag-claudia-brihuega-ortiz","tag-opinion-libre"],"_links":{"self":[{"href":"https:\/\/elinformanteperu.com\/index.php\/wp-json\/wp\/v2\/posts\/17600","targetHints":{"allow":["GET"]}}],"collection":[{"href":"https:\/\/elinformanteperu.com\/index.php\/wp-json\/wp\/v2\/posts"}],"about":[{"href":"https:\/\/elinformanteperu.com\/index.php\/wp-json\/wp\/v2\/types\/post"}],"author":[{"embeddable":true,"href":"https:\/\/elinformanteperu.com\/index.php\/wp-json\/wp\/v2\/users\/1"}],"replies":[{"embeddable":true,"href":"https:\/\/elinformanteperu.com\/index.php\/wp-json\/wp\/v2\/comments?post=17600"}],"version-history":[{"count":1,"href":"https:\/\/elinformanteperu.com\/index.php\/wp-json\/wp\/v2\/posts\/17600\/revisions"}],"predecessor-version":[{"id":17602,"href":"https:\/\/elinformanteperu.com\/index.php\/wp-json\/wp\/v2\/posts\/17600\/revisions\/17602"}],"wp:featuredmedia":[{"embeddable":true,"href":"https:\/\/elinformanteperu.com\/index.php\/wp-json\/wp\/v2\/media\/17601"}],"wp:attachment":[{"href":"https:\/\/elinformanteperu.com\/index.php\/wp-json\/wp\/v2\/media?parent=17600"}],"wp:term":[{"taxonomy":"category","embeddable":true,"href":"https:\/\/elinformanteperu.com\/index.php\/wp-json\/wp\/v2\/categories?post=17600"},{"taxonomy":"post_tag","embeddable":true,"href":"https:\/\/elinformanteperu.com\/index.php\/wp-json\/wp\/v2\/tags?post=17600"}],"curies":[{"name":"wp","href":"https:\/\/api.w.org\/{rel}","templated":true}]}}