{"id":17595,"date":"2017-10-28T02:06:07","date_gmt":"2017-10-28T07:06:07","guid":{"rendered":"http:\/\/elinformanteperu.com\/?p=17595"},"modified":"2017-10-28T02:06:07","modified_gmt":"2017-10-28T07:06:07","slug":"peru-rechaza-declaracion-unilateral-de-independencia-de-cataluna","status":"publish","type":"post","link":"https:\/\/elinformanteperu.com\/index.php\/2017\/10\/28\/peru-rechaza-declaracion-unilateral-de-independencia-de-cataluna\/","title":{"rendered":"Per\u00fa rechaza declaraci\u00f3n unilateral de independencia de Catalu\u00f1a"},"content":{"rendered":"<p><strong><span style=\"color: #000000;\">Ante los acontecimientos ocurridos en Catalu\u00f1a, el Gobierno del Per\u00fa reiter\u00f3 su rechazo a cualquier acto o declaraci\u00f3n unilateral de independencia.<\/span><\/strong><\/p>\n<p><span style=\"color: #000000;\"><strong>Lima, 27 Octubre 2017, (ANDINA).-<\/strong> Ante los acontecimientos ocurridos en Catalu\u00f1a, el Gobierno del Per\u00fa reiter\u00f3 su rechazo a cualquier acto o declaraci\u00f3n unilateral de independencia, por ser una acci\u00f3n contraria a la Constituci\u00f3n y las leyes espa\u00f1olas.<\/span><\/p>\n<p><span style=\"color: #000000;\">A trav\u00e9s de un comunicado, el Ministerio de Relaciones Exteriores remarc\u00f3 que el Gobierno del Per\u00fa renueva su pleno respaldo al Gobierno de Espa\u00f1a.<\/span><\/p>\n<p><span style=\"color: #000000;\">Asimismo, reafirm\u00f3 su confianza en que las autoridades de Espa\u00f1a defender\u00e1n el orden constitucional y el ordenamiento jur\u00eddico de manera que se pueda restituir el estado de derecho y preservar la democracia y la unidad de ese pa\u00eds.<\/span><\/p>\n<p><span style=\"color: #000000;\">El jefe del Gobierno de Espa\u00f1a, Mariano Rajoy, anunci\u00f3 este viernes la destituci\u00f3n del presidente catal\u00e1n, Carles Puigdemont, y de su Ejecutivo, y la convocatoria de elecciones regionales para el 21 de diciembre, ante la declaraci\u00f3n de independencia del Parlamento de esa regi\u00f3n espa\u00f1ola.<\/span><\/p>\n<p><span style=\"color: #000000;\">Las primeras medidas para \u00abrecuperar la normalidad legal\u00bb en Catalu\u00f1a, seg\u00fan Rajoy, fueron tomadas luego de que el Senado autorizara este mismo viernes al gobierno espa\u00f1ol la aplicaci\u00f3n del art\u00edculo 155 de la Constituci\u00f3n, que le extiende poderes extraordinarios para preservar la unidad del pa\u00eds.<\/span><\/p>\n","protected":false},"excerpt":{"rendered":"<p>Ante los acontecimientos ocurridos en Catalu\u00f1a, el Gobierno del Per\u00fa reiter\u00f3 su rechazo a cualquier acto o declaraci\u00f3n unilateral de independencia. Lima, 27 Octubre 2017, (ANDINA).- Ante los acontecimientos ocurridos en Catalu\u00f1a, el Gobierno del Per\u00fa reiter\u00f3 su rechazo a cualquier acto o declaraci\u00f3n unilateral de independencia, por ser una acci\u00f3n contraria a la Constituci\u00f3n [&hellip;]<\/p>\n","protected":false},"author":1,"featured_media":5870,"comment_status":"open","ping_status":"open","sticky":false,"template":"","format":"standard","meta":{"rop_custom_images_group":[],"rop_custom_messages_group":[],"rop_publish_now":"initial","rop_publish_now_accounts":[],"rop_publish_now_history":[],"rop_publish_now_status":"pending","footnotes":""},"categories":[5],"tags":[293,1421],"class_list":["post-17595","post","type-post","status-publish","format-standard","has-post-thumbnail","hentry","category-actualidad-informativa","tag-ministerio-de-relaciones-exteriores","tag-poder-ejecutivo"],"_links":{"self":[{"href":"https:\/\/elinformanteperu.com\/index.php\/wp-json\/wp\/v2\/posts\/17595","targetHints":{"allow":["GET"]}}],"collection":[{"href":"https:\/\/elinformanteperu.com\/index.php\/wp-json\/wp\/v2\/posts"}],"about":[{"href":"https:\/\/elinformanteperu.com\/index.php\/wp-json\/wp\/v2\/types\/post"}],"author":[{"embeddable":true,"href":"https:\/\/elinformanteperu.com\/index.php\/wp-json\/wp\/v2\/users\/1"}],"replies":[{"embeddable":true,"href":"https:\/\/elinformanteperu.com\/index.php\/wp-json\/wp\/v2\/comments?post=17595"}],"version-history":[{"count":1,"href":"https:\/\/elinformanteperu.com\/index.php\/wp-json\/wp\/v2\/posts\/17595\/revisions"}],"predecessor-version":[{"id":17596,"href":"https:\/\/elinformanteperu.com\/index.php\/wp-json\/wp\/v2\/posts\/17595\/revisions\/17596"}],"wp:featuredmedia":[{"embeddable":true,"href":"https:\/\/elinformanteperu.com\/index.php\/wp-json\/wp\/v2\/media\/5870"}],"wp:attachment":[{"href":"https:\/\/elinformanteperu.com\/index.php\/wp-json\/wp\/v2\/media?parent=17595"}],"wp:term":[{"taxonomy":"category","embeddable":true,"href":"https:\/\/elinformanteperu.com\/index.php\/wp-json\/wp\/v2\/categories?post=17595"},{"taxonomy":"post_tag","embeddable":true,"href":"https:\/\/elinformanteperu.com\/index.php\/wp-json\/wp\/v2\/tags?post=17595"}],"curies":[{"name":"wp","href":"https:\/\/api.w.org\/{rel}","templated":true}]}}