{"id":17555,"date":"2017-10-28T00:22:08","date_gmt":"2017-10-28T05:22:08","guid":{"rendered":"http:\/\/elinformanteperu.com\/?p=17555"},"modified":"2017-10-28T00:22:08","modified_gmt":"2017-10-28T05:22:08","slug":"peru-nueva-zelanda-convocan-a-adrian-zela-para-partidos-del-repechaje","status":"publish","type":"post","link":"https:\/\/elinformanteperu.com\/index.php\/2017\/10\/28\/peru-nueva-zelanda-convocan-a-adrian-zela-para-partidos-del-repechaje\/","title":{"rendered":"Per\u00fa &#8211; Nueva Zelanda: convocan a Adri\u00e1n Zela para partidos del repechaje"},"content":{"rendered":"<p><strong><span style=\"color: #000000;\">El defensa de Deportivo Municipal, Adri\u00e1n Zela, fue convocado para los partidos de repechaje entre Per\u00fa y Nueva Zelanda, a jugarse en noviembre.<\/span><\/strong><\/p>\n<p><span style=\"color: #000000;\"><strong>Lima, 27 Octubre 2017, (ANDINA).-<\/strong> El defensa de Deportivo Municipal, Adri\u00e1n Zela, fue convocado para los partidos de repechaje entre Per\u00fa y Nueva Zelanda, a jugarse en noviembre con miras al Mundial Rusia 2018.<\/span><\/p>\n<p><span style=\"color: #000000;\">La convocatoria hecha por el comando t\u00e9cnico de la selecci\u00f3n fue confirmada por la Federaci\u00f3n Peruana de F\u00fatbol (FPF), a trav\u00e9s de un comunicado difundido en sus redes sociales.<\/span><\/p>\n<p><span style=\"color: #000000;\">El llamado de Adri\u00e1n Zela se da luego de que el defensa Miguel Araujo, quien forma parte de la lista de convocados de Ricardo Gareca, saliera del encuentro entre su club, Alianza Lima, y Sport Huancayo, por una lesi\u00f3n.<\/span><\/p>\n<p><span style=\"color: #000000;\">Per\u00fa enfrentar\u00e1 a Nueva Zelanda en Wellington el 10 de noviembre a las 22.15 horas (hora de Per\u00fa), y el 15 de noviembre en el Estadio Nacional de Lima a las 21.15 horas.<\/span><\/p>\n<p><span style=\"color: #000000;\">Los partidos de repechaje contra la selecci\u00f3n neozelandesa definir\u00e1n si Per\u00fa vuelve o no a un mundial de f\u00fatbol, luego de Espa\u00f1a 82, su \u00faltima participaci\u00f3n.<\/span><\/p>\n<p><img fetchpriority=\"high\" decoding=\"async\" class=\"aligncenter size-full wp-image-17557\" src=\"http:\/\/elinformanteperu.com\/wp-content\/uploads\/2017\/10\/adrian-zela1.jpg\" alt=\"\" width=\"950\" height=\"475\" srcset=\"https:\/\/elinformanteperu.com\/wp-content\/uploads\/2017\/10\/adrian-zela1.jpg 950w, https:\/\/elinformanteperu.com\/wp-content\/uploads\/2017\/10\/adrian-zela1-300x150.jpg 300w, https:\/\/elinformanteperu.com\/wp-content\/uploads\/2017\/10\/adrian-zela1-768x384.jpg 768w, https:\/\/elinformanteperu.com\/wp-content\/uploads\/2017\/10\/adrian-zela1-128x64.jpg 128w, https:\/\/elinformanteperu.com\/wp-content\/uploads\/2017\/10\/adrian-zela1-32x16.jpg 32w\" sizes=\"(max-width: 950px) 100vw, 950px\" \/><\/p>\n","protected":false},"excerpt":{"rendered":"<p>El defensa de Deportivo Municipal, Adri\u00e1n Zela, fue convocado para los partidos de repechaje entre Per\u00fa y Nueva Zelanda, a jugarse en noviembre. Lima, 27 Octubre 2017, (ANDINA).- El defensa de Deportivo Municipal, Adri\u00e1n Zela, fue convocado para los partidos de repechaje entre Per\u00fa y Nueva Zelanda, a jugarse en noviembre con miras al Mundial [&hellip;]<\/p>\n","protected":false},"author":1,"featured_media":17556,"comment_status":"open","ping_status":"open","sticky":false,"template":"","format":"standard","meta":{"rop_custom_images_group":[],"rop_custom_messages_group":[],"rop_publish_now":"initial","rop_publish_now_accounts":[],"rop_publish_now_history":[],"rop_publish_now_status":"pending","footnotes":""},"categories":[8],"tags":[2322,175,205,2249,137],"class_list":["post-17555","post","type-post","status-publish","format-standard","has-post-thumbnail","hentry","category-disciplinas-deportivas","tag-adrian-zela","tag-eliminatorias","tag-fpf","tag-repechaje-peru-nueva-zelanda","tag-seleccion-peruana"],"_links":{"self":[{"href":"https:\/\/elinformanteperu.com\/index.php\/wp-json\/wp\/v2\/posts\/17555","targetHints":{"allow":["GET"]}}],"collection":[{"href":"https:\/\/elinformanteperu.com\/index.php\/wp-json\/wp\/v2\/posts"}],"about":[{"href":"https:\/\/elinformanteperu.com\/index.php\/wp-json\/wp\/v2\/types\/post"}],"author":[{"embeddable":true,"href":"https:\/\/elinformanteperu.com\/index.php\/wp-json\/wp\/v2\/users\/1"}],"replies":[{"embeddable":true,"href":"https:\/\/elinformanteperu.com\/index.php\/wp-json\/wp\/v2\/comments?post=17555"}],"version-history":[{"count":1,"href":"https:\/\/elinformanteperu.com\/index.php\/wp-json\/wp\/v2\/posts\/17555\/revisions"}],"predecessor-version":[{"id":17558,"href":"https:\/\/elinformanteperu.com\/index.php\/wp-json\/wp\/v2\/posts\/17555\/revisions\/17558"}],"wp:featuredmedia":[{"embeddable":true,"href":"https:\/\/elinformanteperu.com\/index.php\/wp-json\/wp\/v2\/media\/17556"}],"wp:attachment":[{"href":"https:\/\/elinformanteperu.com\/index.php\/wp-json\/wp\/v2\/media?parent=17555"}],"wp:term":[{"taxonomy":"category","embeddable":true,"href":"https:\/\/elinformanteperu.com\/index.php\/wp-json\/wp\/v2\/categories?post=17555"},{"taxonomy":"post_tag","embeddable":true,"href":"https:\/\/elinformanteperu.com\/index.php\/wp-json\/wp\/v2\/tags?post=17555"}],"curies":[{"name":"wp","href":"https:\/\/api.w.org\/{rel}","templated":true}]}}