{"id":17541,"date":"2017-10-26T23:49:38","date_gmt":"2017-10-27T04:49:38","guid":{"rendered":"http:\/\/elinformanteperu.com\/?p=17541"},"modified":"2017-10-26T23:49:38","modified_gmt":"2017-10-27T04:49:38","slug":"jefferson-farfan-al-cumplir-33-anos-seguire-luchando-para-alcanzar-mis-suenos","status":"publish","type":"post","link":"https:\/\/elinformanteperu.com\/index.php\/2017\/10\/26\/jefferson-farfan-al-cumplir-33-anos-seguire-luchando-para-alcanzar-mis-suenos\/","title":{"rendered":"Jefferson Farf\u00e1n al cumplir 33 a\u00f1os: seguir\u00e9 luchando para alcanzar mis sue\u00f1os"},"content":{"rendered":"<p><strong><span style=\"color: #000000;\">El internacional delantero peruano Jefferson Farf\u00e1n agradeci\u00f3, en su p\u00e1gina oficial de Facebook, los mensajes recibidos al cumplir 33 a\u00f1os de edad.<\/span><\/strong><\/p>\n<p><span style=\"color: #000000;\"><strong>Lima, 26 Octubre 2017, (ANDINA).-<\/strong> El internacional delantero peruano Jefferson Farf\u00e1n agradeci\u00f3, en su p\u00e1gina oficial de Facebook, los mensajes recibidos al cumplir 33 a\u00f1os de edad.<\/span><\/p>\n<p><span style=\"color: #000000;\">\u00abGracias a todos por los lindos mensajes, \u00a1les deseo lo mejor del mundo! Solo me queda agradecer a Dios por todo lo que me brind\u00f3 hasta el d\u00eda de hoy! Y seguir\u00e9 luchando para seguir cumpliendo mis sue\u00f1os\u00bb, escribi\u00f3 Jefferson Farf\u00e1n en la red social.<\/span><\/p>\n<p><span style=\"color: #000000;\">Farf\u00e1n, quien juega en el Lokomotiv de Rusia, dijo que en esta fecha le hubiera encantado estar con sus hijos y su madre, \u00abpero es parte del trabajo y ya habr\u00e1 momentos para estar con ellos\u00bb.<\/span><\/p>\n<p><span style=\"color: #000000;\">\u00abLos amo con toda mi fuerza, s\u00e9 que desde all\u00e1 siempre est\u00e1n d\u00e1ndome sus mejores vibras para seguir luchando por mis objetivos. Los adoro, familia\u00bb, a\u00f1adi\u00f3.<\/span><\/p>\n<p><strong><span style=\"color: #000000;\">Listo para el repechaje<\/span><\/strong><\/p>\n<p><span style=\"color: #000000;\">Jefferson Farf\u00e1n, seg\u00fan se ha informado, viajar\u00e1 directamente de Rusia a Nueva Zelanda para el partido definitorio de la selecci\u00f3n peruana ante los neozelandeses, en Wellington, por el repechaje al Mundial de Rusia 2018.<\/span><\/p>\n<p><span style=\"color: #000000;\">Farf\u00e1n, quien naci\u00f3 el 26 de octubre de 1984, ha jugado profesionalmente en Alianza Lima de Per\u00fa, PSV Eindhoven de Holanda, Schalke 04 de Alemania, Al Jazeera de Arabia, y milita actualmente en el Lokomotiv de Rusia.<\/span><\/p>\n","protected":false},"excerpt":{"rendered":"<p>El internacional delantero peruano Jefferson Farf\u00e1n agradeci\u00f3, en su p\u00e1gina oficial de Facebook, los mensajes recibidos al cumplir 33 a\u00f1os de edad. Lima, 26 Octubre 2017, (ANDINA).- El internacional delantero peruano Jefferson Farf\u00e1n agradeci\u00f3, en su p\u00e1gina oficial de Facebook, los mensajes recibidos al cumplir 33 a\u00f1os de edad. \u00abGracias a todos por los lindos [&hellip;]<\/p>\n","protected":false},"author":1,"featured_media":14280,"comment_status":"open","ping_status":"open","sticky":false,"template":"","format":"standard","meta":{"rop_custom_images_group":[],"rop_custom_messages_group":[],"rop_publish_now":"initial","rop_publish_now_accounts":[],"rop_publish_now_history":[],"rop_publish_now_status":"pending","footnotes":""},"categories":[8],"tags":[670,2249,137],"class_list":["post-17541","post","type-post","status-publish","format-standard","has-post-thumbnail","hentry","category-disciplinas-deportivas","tag-jefferson-farfan","tag-repechaje-peru-nueva-zelanda","tag-seleccion-peruana"],"_links":{"self":[{"href":"https:\/\/elinformanteperu.com\/index.php\/wp-json\/wp\/v2\/posts\/17541","targetHints":{"allow":["GET"]}}],"collection":[{"href":"https:\/\/elinformanteperu.com\/index.php\/wp-json\/wp\/v2\/posts"}],"about":[{"href":"https:\/\/elinformanteperu.com\/index.php\/wp-json\/wp\/v2\/types\/post"}],"author":[{"embeddable":true,"href":"https:\/\/elinformanteperu.com\/index.php\/wp-json\/wp\/v2\/users\/1"}],"replies":[{"embeddable":true,"href":"https:\/\/elinformanteperu.com\/index.php\/wp-json\/wp\/v2\/comments?post=17541"}],"version-history":[{"count":1,"href":"https:\/\/elinformanteperu.com\/index.php\/wp-json\/wp\/v2\/posts\/17541\/revisions"}],"predecessor-version":[{"id":17542,"href":"https:\/\/elinformanteperu.com\/index.php\/wp-json\/wp\/v2\/posts\/17541\/revisions\/17542"}],"wp:featuredmedia":[{"embeddable":true,"href":"https:\/\/elinformanteperu.com\/index.php\/wp-json\/wp\/v2\/media\/14280"}],"wp:attachment":[{"href":"https:\/\/elinformanteperu.com\/index.php\/wp-json\/wp\/v2\/media?parent=17541"}],"wp:term":[{"taxonomy":"category","embeddable":true,"href":"https:\/\/elinformanteperu.com\/index.php\/wp-json\/wp\/v2\/categories?post=17541"},{"taxonomy":"post_tag","embeddable":true,"href":"https:\/\/elinformanteperu.com\/index.php\/wp-json\/wp\/v2\/tags?post=17541"}],"curies":[{"name":"wp","href":"https:\/\/api.w.org\/{rel}","templated":true}]}}