{"id":17414,"date":"2017-10-23T00:20:34","date_gmt":"2017-10-23T05:20:34","guid":{"rendered":"http:\/\/elinformanteperu.com\/?p=17414"},"modified":"2017-10-23T00:20:34","modified_gmt":"2017-10-23T05:20:34","slug":"jefe-del-inei-dispuesto-a-ir-al-congreso-para-explicar-censo-2017","status":"publish","type":"post","link":"https:\/\/elinformanteperu.com\/index.php\/2017\/10\/23\/jefe-del-inei-dispuesto-a-ir-al-congreso-para-explicar-censo-2017\/","title":{"rendered":"Jefe del INEI dispuesto a ir al Congreso para explicar Censo 2017"},"content":{"rendered":"<p><strong><span style=\"color: #000000;\">El jefe del INEI, An\u00edbal S\u00e1nchez, expres\u00f3 su disposici\u00f3n de acudir a la Comisi\u00f3n de Fiscalizaci\u00f3n del Congreso para detallar todo lo concerniente a los convenios pactados con empresas p\u00fablicas.<\/span><\/strong><\/p>\n<p><span style=\"color: #000000;\"><strong>Lima, 22 Octubre 2017, (ANDINA).-<\/strong> El jefe del Instituto Nacional de Estad\u00edstica e Inform\u00e1tica (INEI), An\u00edbal S\u00e1nchez, expres\u00f3 su disposici\u00f3n de acudir a la Comisi\u00f3n de Fiscalizaci\u00f3n del Congreso de la Rep\u00fablica para detallar todo lo concerniente a los convenios pactados con empresas p\u00fablicas y privadas para el desarrollo de los Censos 2017.<\/span><\/p>\n<p><span style=\"color: #000000;\">\u201c(Dar\u00e9) Todas las explicaciones en el Congreso y en todas las instancias que correspondan, los documentos son bastante transparentes, aqu\u00ed no hay privilegios para nadie, es el mismo convenio es para todos\u201d, declar\u00f3 en conferencia de prensa.<\/span><\/p>\n<p><span style=\"color: #000000;\">Algunos congresistas y ciudadanos, a trav\u00e9s de las redes sociales, cuestionaron que el logotipo de empresas privadas aparezca en los stickers oficiales del Censo 2017, como el de la Universidad C\u00e9sar Vallejo (UCV), de propiedad del excandidato presidencial C\u00e9sar Acu\u00f1a.<\/span><\/p>\n<p><span style=\"color: #000000;\">Por su parte, el presidente de la Comisi\u00f3n de Fiscalizaci\u00f3n, Rolando Re\u00e1tegui, adelant\u00f3 que citar\u00e1 al jefe del INEI para que explique los pormenores del acuerdo que firm\u00f3 su instituci\u00f3n con la UCV.<\/span><\/p>\n<p><span style=\"color: #000000;\">An\u00edbal S\u00e1nchez remarc\u00f3 que el INEI ha suscrito convenios con diversas empresas p\u00fablicas y privadas, para apoyo log\u00edstico en la realizaci\u00f3n de los Censos 2017.<\/span><\/p>\n<p><span style=\"color: #000000;\">Indic\u00f3 que el apoyo de la empresa p\u00fablica y privada para la realizaci\u00f3n de estas encuestas nacionales se ha dado en ocasiones anteriores.<\/span><\/p>\n<p><span style=\"color: #000000;\">\u00abEn el a\u00f1o 1993, Backus puso la etiqueta de Vivienda Censada. En el a\u00f1o 2007 fue el Banco de la Naci\u00f3n\u00bb, indic\u00f3.<\/span><\/p>\n<p><span style=\"color: #000000;\">Subray\u00f3 que el INEI solo brindar\u00e1 datos estad\u00edsticos y no dar\u00e1 la informaci\u00f3n con datos personales.<\/span><\/p>\n<p><span style=\"color: #000000;\">\u201cNo solamente se ha suscrito un convenio con la Universidad C\u00e9sar Vallejo, hemos firmado convenios con cerca de 80 universidades y diversas instituciones, por ejemplo con la Universidad de Ingenier\u00eda, del Pac\u00edfico, San Marcos, todas con el mismo tenor\u201d, agreg\u00f3.<\/span><\/p>\n<p><span style=\"color: #000000;\">Asimismo, descart\u00f3 que la instituci\u00f3n que encabeza vaya a entregar informaci\u00f3n confidencial obtenida durante el Censo.<\/span><\/p>\n<p><span style=\"color: #000000;\">Remarc\u00f3 que el compromiso del INEI con esas universidades, es poner a disposici\u00f3n la base de datos que ser\u00e1 p\u00fablica para que docentes y estudiantes universitarios exploten esa informaci\u00f3n para sus universitarias.<\/span><\/p>\n<p><span style=\"color: #000000;\">\u201cNo hay privilegios, ni sesgos, de querer apoyar a alguien o alguna instituci\u00f3n en particular (&#8230;)\u201d, acot\u00f3.<\/span><\/p>\n","protected":false},"excerpt":{"rendered":"<p>El jefe del INEI, An\u00edbal S\u00e1nchez, expres\u00f3 su disposici\u00f3n de acudir a la Comisi\u00f3n de Fiscalizaci\u00f3n del Congreso para detallar todo lo concerniente a los convenios pactados con empresas p\u00fablicas. Lima, 22 Octubre 2017, (ANDINA).- El jefe del Instituto Nacional de Estad\u00edstica e Inform\u00e1tica (INEI), An\u00edbal S\u00e1nchez, expres\u00f3 su disposici\u00f3n de acudir a la Comisi\u00f3n [&hellip;]<\/p>\n","protected":false},"author":1,"featured_media":17415,"comment_status":"open","ping_status":"open","sticky":false,"template":"","format":"standard","meta":{"rop_custom_images_group":[],"rop_custom_messages_group":[],"rop_publish_now":"initial","rop_publish_now_accounts":[],"rop_publish_now_history":[],"rop_publish_now_status":"pending","footnotes":""},"categories":[5],"tags":[1908,2221,845],"class_list":["post-17414","post","type-post","status-publish","format-standard","has-post-thumbnail","hentry","category-actualidad-informativa","tag-censo-nacional-2017","tag-censos-nacionales-2017","tag-inei"],"_links":{"self":[{"href":"https:\/\/elinformanteperu.com\/index.php\/wp-json\/wp\/v2\/posts\/17414","targetHints":{"allow":["GET"]}}],"collection":[{"href":"https:\/\/elinformanteperu.com\/index.php\/wp-json\/wp\/v2\/posts"}],"about":[{"href":"https:\/\/elinformanteperu.com\/index.php\/wp-json\/wp\/v2\/types\/post"}],"author":[{"embeddable":true,"href":"https:\/\/elinformanteperu.com\/index.php\/wp-json\/wp\/v2\/users\/1"}],"replies":[{"embeddable":true,"href":"https:\/\/elinformanteperu.com\/index.php\/wp-json\/wp\/v2\/comments?post=17414"}],"version-history":[{"count":1,"href":"https:\/\/elinformanteperu.com\/index.php\/wp-json\/wp\/v2\/posts\/17414\/revisions"}],"predecessor-version":[{"id":17416,"href":"https:\/\/elinformanteperu.com\/index.php\/wp-json\/wp\/v2\/posts\/17414\/revisions\/17416"}],"wp:featuredmedia":[{"embeddable":true,"href":"https:\/\/elinformanteperu.com\/index.php\/wp-json\/wp\/v2\/media\/17415"}],"wp:attachment":[{"href":"https:\/\/elinformanteperu.com\/index.php\/wp-json\/wp\/v2\/media?parent=17414"}],"wp:term":[{"taxonomy":"category","embeddable":true,"href":"https:\/\/elinformanteperu.com\/index.php\/wp-json\/wp\/v2\/categories?post=17414"},{"taxonomy":"post_tag","embeddable":true,"href":"https:\/\/elinformanteperu.com\/index.php\/wp-json\/wp\/v2\/tags?post=17414"}],"curies":[{"name":"wp","href":"https:\/\/api.w.org\/{rel}","templated":true}]}}