{"id":17409,"date":"2017-10-23T00:15:33","date_gmt":"2017-10-23T05:15:33","guid":{"rendered":"http:\/\/elinformanteperu.com\/?p=17409"},"modified":"2017-10-23T00:15:33","modified_gmt":"2017-10-23T05:15:33","slug":"censo-2017-esta-semana-se-continuara-empadronamiento-en-viviendas-no-censadas","status":"publish","type":"post","link":"https:\/\/elinformanteperu.com\/index.php\/2017\/10\/23\/censo-2017-esta-semana-se-continuara-empadronamiento-en-viviendas-no-censadas\/","title":{"rendered":"Censo 2017: esta semana se continuar\u00e1 empadronamiento en viviendas no censadas"},"content":{"rendered":"<p><strong><span style=\"color: #000000;\">Esta semana se continuar\u00e1 el censo en las viviendas de las zonas urbanas donde no llegaron los empadronadores, inform\u00f3 el jefe del\u00a0 INEI, An\u00edbal S\u00e1nchez.<\/span><\/strong><\/p>\n<p><span style=\"color: #000000;\"><strong>Lima, 22 Octubre 2017, (ANDINA).-<\/strong> Esta semana se continuar\u00e1 el censo en las viviendas de las zonas urbanas donde no llegaron los empadronadores, inform\u00f3 el jefe del Instituto Nacional de Estad\u00edstica e Inform\u00e1tica (INEI), An\u00edbal S\u00e1nchez.<\/span><\/p>\n<p><span style=\"color: #000000;\">\u00abEsta semana estaremos recuperando las viviendas a\u00fan no censadas, por lo que pedimos a los pobladores a cuyas casas no llegaron los empadronadores. que se comuniquen con nosotros\u00bb, pidi\u00f3 el funcionario tras se\u00f1alar que ese protocolo se sigue siempre en los censos.<\/span><\/p>\n<p><span style=\"color: #000000;\">En conferencia de prensa que se realiza en la sede del INEI, el titular de ese organismo dijo que se trata de entre un dos o tres por ciento de casas a las que los empadronadores no llegaron.<\/span><\/p>\n<p><span style=\"color: #000000;\">Record\u00f3 que para recibir las dudas y consultas de la ciudadan\u00eda est\u00e1 disponible la l\u00ednea 0-800-440-70 y los whatsapps del INEI 991-681-398, 993-506-293 y 994-603-348.<\/span><\/p>\n<p><span style=\"color: #000000;\">Agreg\u00f3 que con la cartograf\u00eda con la que cuenta el INEI se puede ubicar f\u00e1cilmente las viviendas no censadas para culminar el proceso esta semana.<\/span><\/p>\n<p><strong><span style=\"color: #000000;\">Empadronadores<\/span><\/strong><\/p>\n<p><img fetchpriority=\"high\" decoding=\"async\" class=\"aligncenter size-full wp-image-17296\" src=\"http:\/\/elinformanteperu.com\/wp-content\/uploads\/2017\/10\/censo6.jpg\" alt=\"\" width=\"500\" height=\"337\" srcset=\"https:\/\/elinformanteperu.com\/wp-content\/uploads\/2017\/10\/censo6.jpg 500w, https:\/\/elinformanteperu.com\/wp-content\/uploads\/2017\/10\/censo6-300x202.jpg 300w, https:\/\/elinformanteperu.com\/wp-content\/uploads\/2017\/10\/censo6-128x86.jpg 128w, https:\/\/elinformanteperu.com\/wp-content\/uploads\/2017\/10\/censo6-32x22.jpg 32w\" sizes=\"(max-width: 500px) 100vw, 500px\" \/><span style=\"color: #000000;\">S\u00e1nchez atribuy\u00f3 esa situaci\u00f3n a que cerca de 500 empadronadores a nivel de Lima y 930 a nivel nacional no se presentaron a cumplir con su compromiso.<\/span><\/p>\n<p><span style=\"color: #000000;\">A eso se sum\u00f3, explic\u00f3, que en los \u00faltimos meses se ha registrado un crecimiento vertical de viviendas muy importante en todo Lima y en el interior del pa\u00eds, por lo que hubo un faltante 6,947 empadronadores, raz\u00f3n por la cual algunos edificios multifamiliares no fueron censados.<\/span><\/p>\n<p><span style=\"color: #000000;\">Seg\u00fan detall\u00f3, a nivel nacional trabajaron 594,211 empadronadores, de los cuales 193,840 operaron en la provincia de Lima, 21,049 en la provincia Constitucional del Callao.<\/span><\/p>\n<p><span style=\"color: #000000;\">En tanto, a nivel del departamento de Lima trabajaron 216, 830 censadores.<\/span><\/p>\n<p><span style=\"color: #000000;\">Anot\u00f3 que el a\u00f1o pasado se hizo un pre-censo para calcular la cantidad de empadronadores y del material que se necesitar\u00eda. Sin embargo, anot\u00f3, en los primeros 10 meses de este a\u00f1o muchos edificios multifamiliares han comenzado a ser habitados, por lo que la configuraci\u00f3n de viviendas ha cambiado.<\/span><\/p>\n<p><strong><span style=\"color: #000000;\">Apoyo de empresas privadas<\/span><\/strong><\/p>\n<p><img decoding=\"async\" class=\"aligncenter size-full wp-image-17185\" src=\"http:\/\/elinformanteperu.com\/wp-content\/uploads\/2017\/10\/censo-piura.jpg\" alt=\"\" width=\"760\" height=\"620\" srcset=\"https:\/\/elinformanteperu.com\/wp-content\/uploads\/2017\/10\/censo-piura.jpg 760w, https:\/\/elinformanteperu.com\/wp-content\/uploads\/2017\/10\/censo-piura-300x245.jpg 300w, https:\/\/elinformanteperu.com\/wp-content\/uploads\/2017\/10\/censo-piura-128x104.jpg 128w, https:\/\/elinformanteperu.com\/wp-content\/uploads\/2017\/10\/censo-piura-32x26.jpg 32w\" sizes=\"(max-width: 760px) 100vw, 760px\" \/><span style=\"color: #000000;\">En otro momento, el jefe del INEI sostuvo que en esta oportunidad, como ha ocurrido siempre, la empresa privada ha apoyado la realizaci\u00f3n de los censos.<\/span><\/p>\n<p><span style=\"color: #000000;\">Record\u00f3 que en ediciones anteriores de los censos, diferentes entidades bancarias apoyaron con publicidad, como se ha hecho ahora, con universidades, empresas y bancos.<\/span><\/p>\n<p><span style=\"color: #000000;\">El funcionario descart\u00f3 que se vaya a entregar informaci\u00f3n privilegiada del censo a alguna de estas entidades y que la base de datos de datos se pondr\u00e1, para su uso y explotaci\u00f3n, a disposici\u00f3n de todos los peruanos, pero que esa informaci\u00f3n ser\u00e1 innominada, es decir que no se identificar\u00e1 ni a las personas ni a las viviendas.<\/span><\/p>\n<p><strong><span style=\"color: #000000;\">Presupuesto<\/span><\/strong><\/p>\n<p><img decoding=\"async\" class=\"aligncenter size-full wp-image-17155\" src=\"http:\/\/elinformanteperu.com\/wp-content\/uploads\/2017\/10\/censo4.jpg\" alt=\"\" width=\"1800\" height=\"1343\" srcset=\"https:\/\/elinformanteperu.com\/wp-content\/uploads\/2017\/10\/censo4.jpg 1800w, https:\/\/elinformanteperu.com\/wp-content\/uploads\/2017\/10\/censo4-300x224.jpg 300w, https:\/\/elinformanteperu.com\/wp-content\/uploads\/2017\/10\/censo4-768x573.jpg 768w, https:\/\/elinformanteperu.com\/wp-content\/uploads\/2017\/10\/censo4-1024x764.jpg 1024w, https:\/\/elinformanteperu.com\/wp-content\/uploads\/2017\/10\/censo4-128x96.jpg 128w, https:\/\/elinformanteperu.com\/wp-content\/uploads\/2017\/10\/censo4-32x24.jpg 32w\" sizes=\"(max-width: 1800px) 100vw, 1800px\" \/><span style=\"color: #000000;\">El funcionario record\u00f3 que el presupuesto dispuesto para la realizaci\u00f3n de los censos asciende a 173 millones 922,00 soles, de los cuales casi el 75 por ciento se destina a recojo de informaci\u00f3n en todo el pa\u00eds.<\/span><\/p>\n<p><span style=\"color: #000000;\">\u00abLa informaci\u00f3n auditable est\u00e1 completamente disponible y a disposici\u00f3n de todos\u00bb, manifest\u00f3.<\/span><\/p>\n<p><span style=\"color: #000000;\">Respecto a las agresiones sufridas por algunos empadronadores, S\u00e1nchez dijo que a\u00fan no tiene la informaci\u00f3n completa pero que por lo que sabe, estas personas fueron atendidas oportunamente. Apenas tengamos la informaci\u00f3n completa se las haremos llegar, anot\u00f3.<\/span><\/p>\n<p><span style=\"color: #000000;\">Tambi\u00e9n se refiri\u00f3 a algunos casos donde la poblaci\u00f3n se neg\u00f3 a ser censada por tener problemas limitrofes con otras jurisdicciones, como es el caso del distrito de Quellouno, en la provincia cusque\u00f1a de La Convenci\u00f3n.<\/span><\/p>\n<p><span style=\"color: #000000;\">Sobre el tema dijo que hablar\u00e1 con sus representantes para informarles que el censo tiene fines estad\u00edsticos mas no de demarcaci\u00f3n lim\u00edtrofe.<\/span><\/p>\n<p><span style=\"color: #000000;\">Finalmente, el titular del INEI salud\u00f3 la participaci\u00f3n de la ciudadan\u00eda que acat\u00f3 la inamovilidad, recibi\u00f3 a los empadronadores y respondi\u00f3 a sus preguntas en una jornada c\u00edvica para el pa\u00eds.<\/span><\/p>\n","protected":false},"excerpt":{"rendered":"<p>Esta semana se continuar\u00e1 el censo en las viviendas de las zonas urbanas donde no llegaron los empadronadores, inform\u00f3 el jefe del\u00a0 INEI, An\u00edbal S\u00e1nchez. Lima, 22 Octubre 2017, (ANDINA).- Esta semana se continuar\u00e1 el censo en las viviendas de las zonas urbanas donde no llegaron los empadronadores, inform\u00f3 el jefe del Instituto Nacional de [&hellip;]<\/p>\n","protected":false},"author":1,"featured_media":17410,"comment_status":"open","ping_status":"open","sticky":false,"template":"","format":"standard","meta":{"rop_custom_images_group":[],"rop_custom_messages_group":[],"rop_publish_now":"initial","rop_publish_now_accounts":[],"rop_publish_now_history":[],"rop_publish_now_status":"pending","footnotes":""},"categories":[5],"tags":[1908,2221,845],"class_list":["post-17409","post","type-post","status-publish","format-standard","has-post-thumbnail","hentry","category-actualidad-informativa","tag-censo-nacional-2017","tag-censos-nacionales-2017","tag-inei"],"_links":{"self":[{"href":"https:\/\/elinformanteperu.com\/index.php\/wp-json\/wp\/v2\/posts\/17409","targetHints":{"allow":["GET"]}}],"collection":[{"href":"https:\/\/elinformanteperu.com\/index.php\/wp-json\/wp\/v2\/posts"}],"about":[{"href":"https:\/\/elinformanteperu.com\/index.php\/wp-json\/wp\/v2\/types\/post"}],"author":[{"embeddable":true,"href":"https:\/\/elinformanteperu.com\/index.php\/wp-json\/wp\/v2\/users\/1"}],"replies":[{"embeddable":true,"href":"https:\/\/elinformanteperu.com\/index.php\/wp-json\/wp\/v2\/comments?post=17409"}],"version-history":[{"count":1,"href":"https:\/\/elinformanteperu.com\/index.php\/wp-json\/wp\/v2\/posts\/17409\/revisions"}],"predecessor-version":[{"id":17411,"href":"https:\/\/elinformanteperu.com\/index.php\/wp-json\/wp\/v2\/posts\/17409\/revisions\/17411"}],"wp:featuredmedia":[{"embeddable":true,"href":"https:\/\/elinformanteperu.com\/index.php\/wp-json\/wp\/v2\/media\/17410"}],"wp:attachment":[{"href":"https:\/\/elinformanteperu.com\/index.php\/wp-json\/wp\/v2\/media?parent=17409"}],"wp:term":[{"taxonomy":"category","embeddable":true,"href":"https:\/\/elinformanteperu.com\/index.php\/wp-json\/wp\/v2\/categories?post=17409"},{"taxonomy":"post_tag","embeddable":true,"href":"https:\/\/elinformanteperu.com\/index.php\/wp-json\/wp\/v2\/tags?post=17409"}],"curies":[{"name":"wp","href":"https:\/\/api.w.org\/{rel}","templated":true}]}}