{"id":17400,"date":"2017-10-23T00:03:38","date_gmt":"2017-10-23T05:03:38","guid":{"rendered":"http:\/\/elinformanteperu.com\/?p=17400"},"modified":"2017-10-23T00:03:38","modified_gmt":"2017-10-23T05:03:38","slug":"ministerio-de-la-mujer-pide-prision-preventiva-para-agresor-de-empadronadora","status":"publish","type":"post","link":"https:\/\/elinformanteperu.com\/index.php\/2017\/10\/23\/ministerio-de-la-mujer-pide-prision-preventiva-para-agresor-de-empadronadora\/","title":{"rendered":"Ministerio de la Mujer pide prisi\u00f3n preventiva para agresor de empadronadora"},"content":{"rendered":"<p><strong><span style=\"color: #000000;\">La ministra de la Mujer y Poblaciones Vulnerables, Ana Mar\u00eda Choquehuanca, repudi\u00f3 la agresi\u00f3n sexual contra una empadronadora del Censo Nacional 2017.<\/span><\/strong><\/p>\n<p><span style=\"color: #000000;\"><strong>Lima, 22 Octubre 2017, (ANDINA).-<\/strong> La ministra de la Mujer y Poblaciones Vulnerables, Ana Mar\u00eda Choquehuanca, repudi\u00f3 la agresi\u00f3n sexual contra una empadronadora del Censo Nacional 2017 y afirm\u00f3 que se buscar\u00e1 la prisi\u00f3n preventiva para el agresor de la mujer.<\/span><\/p>\n<p><span style=\"color: #000000;\">Indic\u00f3 tambi\u00e9n que se le dar\u00e1 todo el apoyo a la v\u00edctima, por lo que un equipo de su sector viene manifestando su apoyo emocional y legal para esta mujer de 35 a\u00f1os que fue violada en una vivienda en Villa El Salvador.<\/span><\/p>\n<p><span style=\"color: #000000;\">\u201cEl agresor ya est\u00e1 detenido y vamos a buscar la detenci\u00f3n preventiva, no vamos a espera que pasen las 48 horas para que salga, citarlo luego y no lo encontremos nunca\u201d, indic\u00f3 la ministra Choquehuanca.<\/span><\/p>\n<p><span style=\"color: #000000;\">En declaraciones a la prensa, tras llevar ayuda a la v\u00edctima en la comisar\u00eda de Villa El Salvador, expres\u00f3 su indignaci\u00f3n por este repudiable acto.<\/span><\/p>\n<p><span style=\"color: #000000;\">En tal sentido, indic\u00f3 que las personas responsables de la organizaci\u00f3n del Censo tendr\u00e1n que manifestarse sobre las medidas de seguridad que se habr\u00edan tomado para este proceso.<\/span><\/p>\n<p><span style=\"color: #000000;\">La ministra inform\u00f3 que el hermano de la v\u00edctima tambi\u00e9n participaba en el censo como jefe de secci\u00f3n y que ten\u00eda a su cargo otros seis empadronadores en su \u00e1rea.<\/span><\/p>\n<p><span style=\"color: #000000;\">Luego de conocerse esta violaci\u00f3n, se hicieron las denuncias del caso y efectivos policiales lograron detener al agresor de 45 a\u00f1os, quien fue conducido a la comisar\u00eda de Villa El Salvador.<\/span><\/p>\n","protected":false},"excerpt":{"rendered":"<p>La ministra de la Mujer y Poblaciones Vulnerables, Ana Mar\u00eda Choquehuanca, repudi\u00f3 la agresi\u00f3n sexual contra una empadronadora del Censo Nacional 2017. Lima, 22 Octubre 2017, (ANDINA).- La ministra de la Mujer y Poblaciones Vulnerables, Ana Mar\u00eda Choquehuanca, repudi\u00f3 la agresi\u00f3n sexual contra una empadronadora del Censo Nacional 2017 y afirm\u00f3 que se buscar\u00e1 la [&hellip;]<\/p>\n","protected":false},"author":1,"featured_media":17401,"comment_status":"open","ping_status":"open","sticky":false,"template":"","format":"standard","meta":{"rop_custom_images_group":[],"rop_custom_messages_group":[],"rop_publish_now":"initial","rop_publish_now_accounts":[],"rop_publish_now_history":[],"rop_publish_now_status":"pending","footnotes":""},"categories":[5],"tags":[1960,1908,2221,845,312],"class_list":["post-17400","post","type-post","status-publish","format-standard","has-post-thumbnail","hentry","category-actualidad-informativa","tag-ana-maria-choquehuanca","tag-censo-nacional-2017","tag-censos-nacionales-2017","tag-inei","tag-ministerio-de-la-mujer"],"_links":{"self":[{"href":"https:\/\/elinformanteperu.com\/index.php\/wp-json\/wp\/v2\/posts\/17400","targetHints":{"allow":["GET"]}}],"collection":[{"href":"https:\/\/elinformanteperu.com\/index.php\/wp-json\/wp\/v2\/posts"}],"about":[{"href":"https:\/\/elinformanteperu.com\/index.php\/wp-json\/wp\/v2\/types\/post"}],"author":[{"embeddable":true,"href":"https:\/\/elinformanteperu.com\/index.php\/wp-json\/wp\/v2\/users\/1"}],"replies":[{"embeddable":true,"href":"https:\/\/elinformanteperu.com\/index.php\/wp-json\/wp\/v2\/comments?post=17400"}],"version-history":[{"count":1,"href":"https:\/\/elinformanteperu.com\/index.php\/wp-json\/wp\/v2\/posts\/17400\/revisions"}],"predecessor-version":[{"id":17402,"href":"https:\/\/elinformanteperu.com\/index.php\/wp-json\/wp\/v2\/posts\/17400\/revisions\/17402"}],"wp:featuredmedia":[{"embeddable":true,"href":"https:\/\/elinformanteperu.com\/index.php\/wp-json\/wp\/v2\/media\/17401"}],"wp:attachment":[{"href":"https:\/\/elinformanteperu.com\/index.php\/wp-json\/wp\/v2\/media?parent=17400"}],"wp:term":[{"taxonomy":"category","embeddable":true,"href":"https:\/\/elinformanteperu.com\/index.php\/wp-json\/wp\/v2\/categories?post=17400"},{"taxonomy":"post_tag","embeddable":true,"href":"https:\/\/elinformanteperu.com\/index.php\/wp-json\/wp\/v2\/tags?post=17400"}],"curies":[{"name":"wp","href":"https:\/\/api.w.org\/{rel}","templated":true}]}}