{"id":17307,"date":"2017-10-21T13:42:31","date_gmt":"2017-10-21T18:42:31","guid":{"rendered":"http:\/\/elinformanteperu.com\/?p=17307"},"modified":"2017-10-21T13:42:31","modified_gmt":"2017-10-21T18:42:31","slug":"peru-ecuador-acuerdan-crear-comision-para-gestion-de-recursos-hidricos-en-9-cuencas-transfronterizas","status":"publish","type":"post","link":"https:\/\/elinformanteperu.com\/index.php\/2017\/10\/21\/peru-ecuador-acuerdan-crear-comision-para-gestion-de-recursos-hidricos-en-9-cuencas-transfronterizas\/","title":{"rendered":"Per\u00fa &#8211; Ecuador acuerdan crear comisi\u00f3n para Gesti\u00f3n de Recursos H\u00eddricos en 9 cuencas transfronterizas"},"content":{"rendered":"<p><strong><span style=\"color: #000000;\">Los Gobiernos de Per\u00fa y Ecuador suscribieron un acuerdo que establece la Comisi\u00f3n Binacional para la Gesti\u00f3n Integrada de los Recursos H\u00eddricos de las Cuencas Hidrogr\u00e1ficas Transfronterizas.<\/span><\/strong><\/p>\n<p><span style=\"color: #000000;\"><strong>Lima, 21 Octubre 2017, (El Informante Per\u00fa).-<\/strong> Los Gobiernos de Per\u00fa y Ecuador suscribieron, al concluir el XI Gabinete Binacional, un acuerdo que establece la Comisi\u00f3n Binacional para la Gesti\u00f3n Integrada de los Recursos H\u00eddricos de las Cuencas Hidrogr\u00e1ficas Transfronterizas.<\/span><\/p>\n<p><span style=\"color: #000000;\">El convenio, suscrito en presencia de los mandatarios de ambos pa\u00edses, Pedro Pablo Kuczynski y Len\u00edn Moreno, tiene como objetivo consolidar la cooperaci\u00f3n bilateral y generar un impacto positivo en la calidad de vida de la poblaci\u00f3n y los ecosistemas acu\u00e1ticos de las zonas de frontera.<\/span><\/p>\n<p><span style=\"color: #000000;\">El documento fue firmado por los cancilleres de Per\u00fa, Ricardo Luna; y de Ecuador, Mar\u00eda Fernanda Espinosa Garc\u00e9s.<\/span><\/p>\n<p><span style=\"color: #000000;\">Los presidentes Kuczynski y Moreno saludaron la suscripci\u00f3n del acuerdo y ratificaron su firme compromiso con la gesti\u00f3n integrada de los recursos h\u00eddricos, con vista al uso sostenible de los mismos y para salvaguardar el derecho de nuestras poblaciones a tener acceso al agua limpia.<\/span><\/p>\n<p><span style=\"color: #000000;\">Asimismo, ambos mandatarios acordaron conformar un Grupo de Trabajo Binacional Multisectorial para coordinar e impulsar acciones para la recuperaci\u00f3n de la Cuenca Puyango-Tumbes.<\/span><\/p>\n<p><span style=\"color: #000000;\">Kuczynski y Moreno reiteraron su compromiso para la puesta en marcha del proyecto, as\u00ed como para la ejecuci\u00f3n de obras comunes, cuya implementaci\u00f3n beneficiar\u00e1 a las poblaciones de ambos pa\u00edses.<\/span><\/p>\n<p><span style=\"color: #000000;\">De otro lado, los gobiernos de Per\u00fa y Ecuador tambi\u00e9n suscribieron un Acuerdo Interinstitucional de Cooperaci\u00f3n T\u00e9cnica entre el Seguro Social de Salud \u2013 EsSalud, y el Instituto Ecuatoriano de Seguridad Social \u2013 IESS.<\/span><\/p>\n<p><span style=\"color: #000000;\">El Acuerdo tiene como objeto establecer el marco jur\u00eddico de referencia de cooperaci\u00f3n t\u00e9cnica dirigido a generar el desarrollo binacional, en el \u00e1mbito de la salud, en el cual \u00ablas Partes\u00bb desarrollar\u00e1n actividades dirigidas especialmente a la transferencia de conocimientos en una diversidad de \u00e1reas de inter\u00e9s.<\/span><\/p>\n<p><span style=\"color: #000000;\">El documento fue firmado por el presidente ejecutivo de EsSalud, Jorge Gabriel Del Castillo Mory; y la directora general del IESS de Ecuador, Geovanna Alexandra Le\u00f3n Hinojosa.<\/span><\/p>\n","protected":false},"excerpt":{"rendered":"<p>Los Gobiernos de Per\u00fa y Ecuador suscribieron un acuerdo que establece la Comisi\u00f3n Binacional para la Gesti\u00f3n Integrada de los Recursos H\u00eddricos de las Cuencas Hidrogr\u00e1ficas Transfronterizas. Lima, 21 Octubre 2017, (El Informante Per\u00fa).- Los Gobiernos de Per\u00fa y Ecuador suscribieron, al concluir el XI Gabinete Binacional, un acuerdo que establece la Comisi\u00f3n Binacional para [&hellip;]<\/p>\n","protected":false},"author":1,"featured_media":17308,"comment_status":"open","ping_status":"open","sticky":false,"template":"","format":"standard","meta":{"rop_custom_images_group":[],"rop_custom_messages_group":[],"rop_publish_now":"initial","rop_publish_now_accounts":[],"rop_publish_now_history":[],"rop_publish_now_status":"pending","footnotes":""},"categories":[5],"tags":[1300,74],"class_list":["post-17307","post","type-post","status-publish","format-standard","has-post-thumbnail","hentry","category-actualidad-informativa","tag-lenin-moreno","tag-pedro-pablo-kuczynski"],"_links":{"self":[{"href":"https:\/\/elinformanteperu.com\/index.php\/wp-json\/wp\/v2\/posts\/17307","targetHints":{"allow":["GET"]}}],"collection":[{"href":"https:\/\/elinformanteperu.com\/index.php\/wp-json\/wp\/v2\/posts"}],"about":[{"href":"https:\/\/elinformanteperu.com\/index.php\/wp-json\/wp\/v2\/types\/post"}],"author":[{"embeddable":true,"href":"https:\/\/elinformanteperu.com\/index.php\/wp-json\/wp\/v2\/users\/1"}],"replies":[{"embeddable":true,"href":"https:\/\/elinformanteperu.com\/index.php\/wp-json\/wp\/v2\/comments?post=17307"}],"version-history":[{"count":1,"href":"https:\/\/elinformanteperu.com\/index.php\/wp-json\/wp\/v2\/posts\/17307\/revisions"}],"predecessor-version":[{"id":17309,"href":"https:\/\/elinformanteperu.com\/index.php\/wp-json\/wp\/v2\/posts\/17307\/revisions\/17309"}],"wp:featuredmedia":[{"embeddable":true,"href":"https:\/\/elinformanteperu.com\/index.php\/wp-json\/wp\/v2\/media\/17308"}],"wp:attachment":[{"href":"https:\/\/elinformanteperu.com\/index.php\/wp-json\/wp\/v2\/media?parent=17307"}],"wp:term":[{"taxonomy":"category","embeddable":true,"href":"https:\/\/elinformanteperu.com\/index.php\/wp-json\/wp\/v2\/categories?post=17307"},{"taxonomy":"post_tag","embeddable":true,"href":"https:\/\/elinformanteperu.com\/index.php\/wp-json\/wp\/v2\/tags?post=17307"}],"curies":[{"name":"wp","href":"https:\/\/api.w.org\/{rel}","templated":true}]}}