{"id":17111,"date":"2017-10-16T23:46:05","date_gmt":"2017-10-17T04:46:05","guid":{"rendered":"http:\/\/elinformanteperu.com\/?p=17111"},"modified":"2017-10-16T23:46:05","modified_gmt":"2017-10-17T04:46:05","slug":"kuczynski-reitera-que-no-recibira-a-comision-lava-jato","status":"publish","type":"post","link":"https:\/\/elinformanteperu.com\/index.php\/2017\/10\/16\/kuczynski-reitera-que-no-recibira-a-comision-lava-jato\/","title":{"rendered":"Kuczynski reitera que no recibir\u00e1 a comisi\u00f3n Lava Jato"},"content":{"rendered":"<p><strong><span style=\"color: #000000;\">El presidente Pedro Pablo Kuczynski ratific\u00f3 que no recibir\u00e1 a los miembros de la comisi\u00f3n investigadora del caso Lava Jato, y asegur\u00f3 que solo responder\u00e1 a sus interrogantes por escrito.<\/span><\/strong><\/p>\n<p><span style=\"color: #000000;\"><strong>Puno, 16 Octubre 2017, (ANDINA).-<\/strong> El presidente Pedro Pablo Kuczynski ratific\u00f3 que no recibir\u00e1 a los miembros de la comisi\u00f3n investigadora del caso Lava Jato, y asegur\u00f3 que solo responder\u00e1 a sus interrogantes por escrito.<\/span><\/p>\n<p><span style=\"color: #000000;\">En declaraciones a la prensa, Kuczynski asegur\u00f3 que la Constituci\u00f3n lo faculta solo a contestar las preguntas de la mencionada comisi\u00f3n por escrito.<\/span><\/p>\n<p><span style=\"color: #000000;\">\u201cNo voy a recibir a la comisi\u00f3n Lava Jato. Tenemos una carta que contesta los temas y les vamos a pedir que nos hagan preguntas espec\u00edficas porque ellos han dado temas generales y no espec\u00edficos\u201d, coment\u00f3 en declaraciones a la prensa desde Puno.<\/span><\/p>\n<p><span style=\"color: #000000;\">Como se recuerda, el grupo del Congreso que investiga el caso Lava Jato acord\u00f3 gestionar una cita con el presidente Kuczynski para solicitarle su testimonio sobre la entrega de la buena pro de obras a empresas brasile\u00f1as cuando se desempe\u00f1aba como funcionario en el gobierno de Alejandro Toledo.<\/span><\/p>\n<p><span style=\"color: #000000;\">Sin embargo, Kuczynski anunci\u00f3 que no los recibir\u00eda, pues la Constituci\u00f3n le permite responder las interrogantes por escrito.<\/span><\/p>\n<p><span style=\"color: #000000;\">Por otro lado, dijo estar preocupado por la excarcelaci\u00f3n de terroristas de Sendero Luminoso que han cumplido su condena.<\/span><\/p>\n<p><span style=\"color: #000000;\">Si bien dijo que el gobierno no puede hacer nada para evitar esas liberaciones, record\u00f3 que los terroristas de Sendero Luminoso tendr\u00e1n que pagar la reparaci\u00f3n civil ordenada por el Poder Judicial.<\/span><\/p>\n<p>&nbsp;<\/p>\n","protected":false},"excerpt":{"rendered":"<p>El presidente Pedro Pablo Kuczynski ratific\u00f3 que no recibir\u00e1 a los miembros de la comisi\u00f3n investigadora del caso Lava Jato, y asegur\u00f3 que solo responder\u00e1 a sus interrogantes por escrito. Puno, 16 Octubre 2017, (ANDINA).- El presidente Pedro Pablo Kuczynski ratific\u00f3 que no recibir\u00e1 a los miembros de la comisi\u00f3n investigadora del caso Lava Jato, [&hellip;]<\/p>\n","protected":false},"author":1,"featured_media":17112,"comment_status":"open","ping_status":"open","sticky":false,"template":"","format":"standard","meta":{"rop_custom_images_group":[],"rop_custom_messages_group":[],"rop_publish_now":"initial","rop_publish_now_accounts":[],"rop_publish_now_history":[],"rop_publish_now_status":"pending","footnotes":""},"categories":[5],"tags":[192,430,656,74],"class_list":["post-17111","post","type-post","status-publish","format-standard","has-post-thumbnail","hentry","category-actualidad-informativa","tag-congreso","tag-fiscalia","tag-lava-jato","tag-pedro-pablo-kuczynski"],"_links":{"self":[{"href":"https:\/\/elinformanteperu.com\/index.php\/wp-json\/wp\/v2\/posts\/17111","targetHints":{"allow":["GET"]}}],"collection":[{"href":"https:\/\/elinformanteperu.com\/index.php\/wp-json\/wp\/v2\/posts"}],"about":[{"href":"https:\/\/elinformanteperu.com\/index.php\/wp-json\/wp\/v2\/types\/post"}],"author":[{"embeddable":true,"href":"https:\/\/elinformanteperu.com\/index.php\/wp-json\/wp\/v2\/users\/1"}],"replies":[{"embeddable":true,"href":"https:\/\/elinformanteperu.com\/index.php\/wp-json\/wp\/v2\/comments?post=17111"}],"version-history":[{"count":1,"href":"https:\/\/elinformanteperu.com\/index.php\/wp-json\/wp\/v2\/posts\/17111\/revisions"}],"predecessor-version":[{"id":17113,"href":"https:\/\/elinformanteperu.com\/index.php\/wp-json\/wp\/v2\/posts\/17111\/revisions\/17113"}],"wp:featuredmedia":[{"embeddable":true,"href":"https:\/\/elinformanteperu.com\/index.php\/wp-json\/wp\/v2\/media\/17112"}],"wp:attachment":[{"href":"https:\/\/elinformanteperu.com\/index.php\/wp-json\/wp\/v2\/media?parent=17111"}],"wp:term":[{"taxonomy":"category","embeddable":true,"href":"https:\/\/elinformanteperu.com\/index.php\/wp-json\/wp\/v2\/categories?post=17111"},{"taxonomy":"post_tag","embeddable":true,"href":"https:\/\/elinformanteperu.com\/index.php\/wp-json\/wp\/v2\/tags?post=17111"}],"curies":[{"name":"wp","href":"https:\/\/api.w.org\/{rel}","templated":true}]}}