{"id":17059,"date":"2017-10-16T19:35:44","date_gmt":"2017-10-17T00:35:44","guid":{"rendered":"http:\/\/elinformanteperu.com\/?p=17059"},"modified":"2017-10-16T19:35:44","modified_gmt":"2017-10-17T00:35:44","slug":"caf-y-adex-impulsaran-internacionalizacion-de-productos-peruanos","status":"publish","type":"post","link":"https:\/\/elinformanteperu.com\/index.php\/2017\/10\/16\/caf-y-adex-impulsaran-internacionalizacion-de-productos-peruanos\/","title":{"rendered":"CAF y ADEX impulsar\u00e1n internacionalizaci\u00f3n de productos peruanos"},"content":{"rendered":"<p><strong><span style=\"color: #000000;\">Ambas entidades acordaron desarrollar actividades conjuntas de cooperaci\u00f3n t\u00e9cnica, as\u00ed como proyectos vinculados al comercio exterior y la internacionalizaci\u00f3n de empresas nacionales.<\/span><\/strong><\/p>\n<p><span style=\"color: #000000;\"><strong>Lima, 16 Octubre 2017, (El Informante Per\u00fa).-<\/strong>\u00a0La CAF-banco de desarrollo de Am\u00e9rica Latina- y la Asociaci\u00f3n de Exportadores del Per\u00fa (ADEX) desarrollar\u00e1n actividades conjuntas de cooperaci\u00f3n t\u00e9cnica para promover proyectos vinculados al comercio exterior, la internacionalizaci\u00f3n de las empresas, la generaci\u00f3n de oportunidades de negocios para productos nacionales y la identificaci\u00f3n de oportunidades de inversi\u00f3n extranjera a favor del empresariado nacional.<\/span><\/p>\n<p><span style=\"color: #000000;\">As\u00ed se acord\u00f3 tras la firma del memor\u00e1ndum de entendimiento suscrito por el presidente ejecutivo de CAF, Luis Carranza Ugarte; y el presidente de ADEX, Juan Varilias Vel\u00e1squez, en la sede de la entidad financiera multilateral en Lima.<\/span><\/p>\n<p><span style=\"color: #000000;\">Esta iniciativa permitir\u00e1 proporcionar asistencia t\u00e9cnica y financiera para preparar y ejecutar proyectos, con la finalidad de apoyar el acceso de productos peruanos a nuevos mercados y de consolidarlos en los ya existentes, mediante operaciones de cr\u00e9dito y servicios financieros m\u00faltiples.<\/span><\/p>\n<p><img fetchpriority=\"high\" decoding=\"async\" class=\"aligncenter size-full wp-image-17061\" src=\"http:\/\/elinformanteperu.com\/wp-content\/uploads\/2017\/10\/ADEX-Juan-Varilias-y-Luis-Carranza-CAF1.jpg\" alt=\"\" width=\"1772\" height=\"1181\" srcset=\"https:\/\/elinformanteperu.com\/wp-content\/uploads\/2017\/10\/ADEX-Juan-Varilias-y-Luis-Carranza-CAF1.jpg 1772w, https:\/\/elinformanteperu.com\/wp-content\/uploads\/2017\/10\/ADEX-Juan-Varilias-y-Luis-Carranza-CAF1-300x200.jpg 300w, https:\/\/elinformanteperu.com\/wp-content\/uploads\/2017\/10\/ADEX-Juan-Varilias-y-Luis-Carranza-CAF1-768x512.jpg 768w, https:\/\/elinformanteperu.com\/wp-content\/uploads\/2017\/10\/ADEX-Juan-Varilias-y-Luis-Carranza-CAF1-1024x682.jpg 1024w, https:\/\/elinformanteperu.com\/wp-content\/uploads\/2017\/10\/ADEX-Juan-Varilias-y-Luis-Carranza-CAF1-128x85.jpg 128w, https:\/\/elinformanteperu.com\/wp-content\/uploads\/2017\/10\/ADEX-Juan-Varilias-y-Luis-Carranza-CAF1-32x21.jpg 32w\" sizes=\"(max-width: 1772px) 100vw, 1772px\" \/><span style=\"color: #000000;\">El presidente ejecutivo de CAF sostuvo que los pa\u00edses de Am\u00e9rica Latina deben tener una visi\u00f3n a largo plazo con miras a alcanzar un crecimiento sostenible e inclusivo, para lo cual existe la necesidad de construir un pacto por la productividad, diversificar su econom\u00eda e innovar en la mayor\u00eda de sectores de mercado.<\/span><\/p>\n<p><span style=\"color: #000000;\">\u201dEs fundamental impulsar actividades que contribuyan a la diversificaci\u00f3n de la econom\u00eda del Per\u00fa, a trav\u00e9s de una innovaci\u00f3n e internacionalizaci\u00f3n de empresas que permitan incrementar las exportaciones de productos o servicios con valor agregado hacia nuevos mercados, y de esta manera garantizar el crecimiento sostenible de las Mipymes. En esta tarea necesitamos socios estrat\u00e9gicos y, en este caso concreto, ADEX es el socio natural para empezar a trabajar este pacto por la productividad en el pa\u00eds\u201d, asegur\u00f3 Carranza.<\/span><\/p>\n<p><span style=\"color: #000000;\">Por su parte, el presidente de ADEX manifest\u00f3 que la internacionalizaci\u00f3n de las Mipymes y su inclusi\u00f3n a las cadenas globales de valor es un compromiso que su gremio afianzar\u00e1 con CAF.<\/span><\/p>\n<p><span style=\"color: #000000;\">\u201cQueremos que los asociados accedan a nuevos mercados, por lo que estamos m\u00e1s que complacidos de esta alianza con CAF. En ADEX tenemos el Centro de Investigaci\u00f3n de Econom\u00eda y Negocios Globales \u2013CIEN- y el ADT, el sistema de inteligencia comercial, que nos brinda cifras de exportaciones e importaciones y que es una herramienta importante para que los exportadores conozcan un poco m\u00e1s sobre los mercados de destino. Todo ello coadyuvar\u00e1 a la recuperaci\u00f3n de nuestro sector\u201d, se\u00f1al\u00f3.<\/span><\/p>\n","protected":false},"excerpt":{"rendered":"<p>Ambas entidades acordaron desarrollar actividades conjuntas de cooperaci\u00f3n t\u00e9cnica, as\u00ed como proyectos vinculados al comercio exterior y la internacionalizaci\u00f3n de empresas nacionales. Lima, 16 Octubre 2017, (El Informante Per\u00fa).-\u00a0La CAF-banco de desarrollo de Am\u00e9rica Latina- y la Asociaci\u00f3n de Exportadores del Per\u00fa (ADEX) desarrollar\u00e1n actividades conjuntas de cooperaci\u00f3n t\u00e9cnica para promover proyectos vinculados al comercio [&hellip;]<\/p>\n","protected":false},"author":1,"featured_media":17060,"comment_status":"open","ping_status":"open","sticky":false,"template":"","format":"standard","meta":{"rop_custom_images_group":[],"rop_custom_messages_group":[],"rop_publish_now":"initial","rop_publish_now_accounts":[],"rop_publish_now_history":[],"rop_publish_now_status":"pending","footnotes":""},"categories":[5],"tags":[1749,249,532],"class_list":["post-17059","post","type-post","status-publish","format-standard","has-post-thumbnail","hentry","category-actualidad-informativa","tag-adex","tag-caf","tag-luis-carranza"],"_links":{"self":[{"href":"https:\/\/elinformanteperu.com\/index.php\/wp-json\/wp\/v2\/posts\/17059","targetHints":{"allow":["GET"]}}],"collection":[{"href":"https:\/\/elinformanteperu.com\/index.php\/wp-json\/wp\/v2\/posts"}],"about":[{"href":"https:\/\/elinformanteperu.com\/index.php\/wp-json\/wp\/v2\/types\/post"}],"author":[{"embeddable":true,"href":"https:\/\/elinformanteperu.com\/index.php\/wp-json\/wp\/v2\/users\/1"}],"replies":[{"embeddable":true,"href":"https:\/\/elinformanteperu.com\/index.php\/wp-json\/wp\/v2\/comments?post=17059"}],"version-history":[{"count":1,"href":"https:\/\/elinformanteperu.com\/index.php\/wp-json\/wp\/v2\/posts\/17059\/revisions"}],"predecessor-version":[{"id":17062,"href":"https:\/\/elinformanteperu.com\/index.php\/wp-json\/wp\/v2\/posts\/17059\/revisions\/17062"}],"wp:featuredmedia":[{"embeddable":true,"href":"https:\/\/elinformanteperu.com\/index.php\/wp-json\/wp\/v2\/media\/17060"}],"wp:attachment":[{"href":"https:\/\/elinformanteperu.com\/index.php\/wp-json\/wp\/v2\/media?parent=17059"}],"wp:term":[{"taxonomy":"category","embeddable":true,"href":"https:\/\/elinformanteperu.com\/index.php\/wp-json\/wp\/v2\/categories?post=17059"},{"taxonomy":"post_tag","embeddable":true,"href":"https:\/\/elinformanteperu.com\/index.php\/wp-json\/wp\/v2\/tags?post=17059"}],"curies":[{"name":"wp","href":"https:\/\/api.w.org\/{rel}","templated":true}]}}