{"id":17057,"date":"2017-10-16T19:25:13","date_gmt":"2017-10-17T00:25:13","guid":{"rendered":"http:\/\/elinformanteperu.com\/?p=17057"},"modified":"2017-10-16T19:25:13","modified_gmt":"2017-10-17T00:25:13","slug":"richard-acuna-programas-sociales-del-pais-deben-revisarse","status":"publish","type":"post","link":"https:\/\/elinformanteperu.com\/index.php\/2017\/10\/16\/richard-acuna-programas-sociales-del-pais-deben-revisarse\/","title":{"rendered":"Richard Acu\u00f1a: Programas sociales del pa\u00eds deben revisarse"},"content":{"rendered":"<p><strong><span style=\"color: #000000;\">La urgente revisi\u00f3n de los programas sociales como Cuna M\u00e1s, Juntos y Qali Warma, exigi\u00f3 el congresista, Richard Acu\u00f1a, debido al rev\u00e9s sufrido por el Per\u00fa en su lucha contra la pobreza.<\/span><\/strong><\/p>\n<p><span style=\"color: #000000;\"><strong>Lima, 16 Octubre 2017, (El Informante Per\u00fa).-<\/strong> La urgente revisi\u00f3n de los programas sociales como Cuna M\u00e1s, Juntos y Qali Warma, exigi\u00f3 el congresista, Richard Acu\u00f1a, debido al rev\u00e9s sufrido por el Per\u00fa en su lucha contra la pobreza y la anemia.<\/span><\/p>\n<p><span style=\"color: #000000;\">Seg\u00fan la Organizaci\u00f3n de las Naciones Unidas para la Alimentaci\u00f3n y la Agricultura (FAO), los peruanos que sufren hambre se incrementaron en 2,5 millones y el 43.5 % de ni\u00f1os y ni\u00f1as menores de 3 a\u00f1os padecen anemia, es decir 4 de cada 10 menores.<\/span><\/p>\n<p><span style=\"color: #000000;\">\u201cNo es posible que entre el 2014 y el 2016 hayamos retrocedido como Estado en la lucha contra la pobreza y que los citados programas sociales, aplicados en el pa\u00eds por m\u00e1s de cinco a\u00f1os con su respectivo financiamiento, arrojen estos resultados negativos\u201d, expres\u00f3 indignado el parlamentario.<\/span><\/p>\n<p><span style=\"color: #000000;\">Acu\u00f1a N\u00fa\u00f1ez se\u00f1al\u00f3 que estas cifras evidencian que los programas no est\u00e1n dando resultados y sus objetivos no se est\u00e1n cumpliendo. \u201cNo se cuenta con evaluaciones peri\u00f3dicas para saber su impacto en la reducci\u00f3n de la pobreza y no se sabe si llegan realmente a quienes lo necesitan\u201d, asever\u00f3 el congresista de Alianza para el Progreso (APP).<\/span><\/p>\n<p><span style=\"color: #000000;\">Seg\u00fan informaci\u00f3n del Ministerio de Inclusi\u00f3n Social, unas 650 mil familias que reciben S\/ 100 mensuales del Programa Nacional de Apoyo a los m\u00e1s Pobres, Juntos; el Programa de Alimentaci\u00f3n Escolar, Qali Warma, atiende a 3 millones 700 mil escolares de 3 a 12 a\u00f1os, de inicial y primaria; mientras que el Programa Nacional Cuna M\u00e1s atiende a 55 mil ni\u00f1os menores de 3 a\u00f1os de edad.<\/span><\/p>\n","protected":false},"excerpt":{"rendered":"<p>La urgente revisi\u00f3n de los programas sociales como Cuna M\u00e1s, Juntos y Qali Warma, exigi\u00f3 el congresista, Richard Acu\u00f1a, debido al rev\u00e9s sufrido por el Per\u00fa en su lucha contra la pobreza. Lima, 16 Octubre 2017, (El Informante Per\u00fa).- La urgente revisi\u00f3n de los programas sociales como Cuna M\u00e1s, Juntos y Qali Warma, exigi\u00f3 el [&hellip;]<\/p>\n","protected":false},"author":1,"featured_media":2179,"comment_status":"open","ping_status":"open","sticky":false,"template":"","format":"standard","meta":{"rop_custom_images_group":[],"rop_custom_messages_group":[],"rop_publish_now":"initial","rop_publish_now_accounts":[],"rop_publish_now_history":[],"rop_publish_now_status":"pending","footnotes":""},"categories":[5],"tags":[2268,153,2270,2269,251],"class_list":["post-17057","post","type-post","status-publish","format-standard","has-post-thumbnail","hentry","category-actualidad-informativa","tag-cuna-mas","tag-midis","tag-ministerio-de-inclusion-social","tag-qali-warma","tag-richard-acuna"],"_links":{"self":[{"href":"https:\/\/elinformanteperu.com\/index.php\/wp-json\/wp\/v2\/posts\/17057","targetHints":{"allow":["GET"]}}],"collection":[{"href":"https:\/\/elinformanteperu.com\/index.php\/wp-json\/wp\/v2\/posts"}],"about":[{"href":"https:\/\/elinformanteperu.com\/index.php\/wp-json\/wp\/v2\/types\/post"}],"author":[{"embeddable":true,"href":"https:\/\/elinformanteperu.com\/index.php\/wp-json\/wp\/v2\/users\/1"}],"replies":[{"embeddable":true,"href":"https:\/\/elinformanteperu.com\/index.php\/wp-json\/wp\/v2\/comments?post=17057"}],"version-history":[{"count":1,"href":"https:\/\/elinformanteperu.com\/index.php\/wp-json\/wp\/v2\/posts\/17057\/revisions"}],"predecessor-version":[{"id":17058,"href":"https:\/\/elinformanteperu.com\/index.php\/wp-json\/wp\/v2\/posts\/17057\/revisions\/17058"}],"wp:featuredmedia":[{"embeddable":true,"href":"https:\/\/elinformanteperu.com\/index.php\/wp-json\/wp\/v2\/media\/2179"}],"wp:attachment":[{"href":"https:\/\/elinformanteperu.com\/index.php\/wp-json\/wp\/v2\/media?parent=17057"}],"wp:term":[{"taxonomy":"category","embeddable":true,"href":"https:\/\/elinformanteperu.com\/index.php\/wp-json\/wp\/v2\/categories?post=17057"},{"taxonomy":"post_tag","embeddable":true,"href":"https:\/\/elinformanteperu.com\/index.php\/wp-json\/wp\/v2\/tags?post=17057"}],"curies":[{"name":"wp","href":"https:\/\/api.w.org\/{rel}","templated":true}]}}