{"id":17052,"date":"2017-10-16T19:20:59","date_gmt":"2017-10-17T00:20:59","guid":{"rendered":"http:\/\/elinformanteperu.com\/?p=17052"},"modified":"2017-10-16T19:21:37","modified_gmt":"2017-10-17T00:21:37","slug":"ministerio-de-cultura-mas-de-600-instructores-del-inei-fueron-capacitados-en-marco-de-proximos-censos-nacionales","status":"publish","type":"post","link":"https:\/\/elinformanteperu.com\/index.php\/2017\/10\/16\/ministerio-de-cultura-mas-de-600-instructores-del-inei-fueron-capacitados-en-marco-de-proximos-censos-nacionales\/","title":{"rendered":"Ministerio de Cultura: m\u00e1s de 600 instructores del INEI fueron capacitados en marco de pr\u00f3ximos censos nacionales"},"content":{"rendered":"<p><strong><span style=\"color: #000000;\">Para una correcta aplicaci\u00f3n de la pregunta de autoidentificaci\u00f3n \u00e9tnica el domingo 22 de octubre, m\u00e1s de 600 instructores del INEI fueron capacitados en marco de pr\u00f3ximos censos nacionales<\/span><\/strong><\/p>\n<p><span style=\"color: #000000;\"><strong>Lima, 16 Octubre 2017, <span style=\"color: #000000;\">(El Informante Per\u00fa).-<\/span><\/strong>\u00a0Entre los meses de setiembre y octubre, el Ministerio de Cultura capacit\u00f3 a m\u00e1s de 600 instructores e instructoras del Instituto Nacional de Estad\u00edstica e Inform\u00e1tica (INEI) en la correcta aplicaci\u00f3n de la pregunta de autoidentificaci\u00f3n \u00e9tnica. Esta pregunta se ubica en el n\u00famero 25 de la C\u00e9dula de Poblaci\u00f3n que ser\u00e1 aplicada este domingo 22 de octubre en los Censos Nacionales 2017.<\/span><\/p>\n<p><span style=\"color: #000000;\">De esta manera, en sesiones de formaci\u00f3n los instructores nacionales pudieron reflexionar sobre la pregunta de autoidentificaci\u00f3n \u00e9tnica que interpela a la poblaci\u00f3n si se siente o considera parte de un pueblo ind\u00edgena o poblaci\u00f3n afroperuana. Adem\u00e1s, se explic\u00f3 en detalle en qu\u00e9 consiste la pregunta y c\u00f3mo debe ser hacerse, desarrollando juegos de rol para su correcta aplicaci\u00f3n.<\/span><\/p>\n<p><span style=\"color: #000000;\">Los representantes del Ministerio de Cultura precisaron sobre los fines de esta pregunta, que permitir\u00e1 al Estado contar con informaci\u00f3n actualizada sobre las brechas de acceso a servicios p\u00fablicos como salud, educaci\u00f3n, empleo, entre otros a fin de dise\u00f1ar pol\u00edticas que reduzcan o eliminen estas brechas y respondan ante la diversidad cultural del pa\u00eds.<\/span><\/p>\n<p><span style=\"color: #000000;\">Al respecto, el viceministro de Interculturalidad, Alfredo Luna Brice\u00f1o, destac\u00f3 el rol de los instructores nacionales, se\u00f1alando que \u201cellas y ellos son los responsables de llevar la informaci\u00f3n sobre la correcta aplicaci\u00f3n de la pregunta 25 a los m\u00e1s de 600 mil voluntarios que aplicar\u00e1n las c\u00e9dulas censales en todo el pa\u00eds\u201d.<\/span><\/p>\n<p><img fetchpriority=\"high\" decoding=\"async\" class=\"aligncenter size-full wp-image-17054\" src=\"http:\/\/elinformanteperu.com\/wp-content\/uploads\/2017\/10\/censo-capacitadores1.jpg\" alt=\"\" width=\"2500\" height=\"1666\" srcset=\"https:\/\/elinformanteperu.com\/wp-content\/uploads\/2017\/10\/censo-capacitadores1.jpg 2500w, https:\/\/elinformanteperu.com\/wp-content\/uploads\/2017\/10\/censo-capacitadores1-300x200.jpg 300w, https:\/\/elinformanteperu.com\/wp-content\/uploads\/2017\/10\/censo-capacitadores1-768x512.jpg 768w, https:\/\/elinformanteperu.com\/wp-content\/uploads\/2017\/10\/censo-capacitadores1-1024x682.jpg 1024w, https:\/\/elinformanteperu.com\/wp-content\/uploads\/2017\/10\/censo-capacitadores1-128x85.jpg 128w, https:\/\/elinformanteperu.com\/wp-content\/uploads\/2017\/10\/censo-capacitadores1-32x21.jpg 32w\" sizes=\"(max-width: 2500px) 100vw, 2500px\" \/><br \/>\n<span style=\"color: #000000;\">Luna Brice\u00f1o se\u00f1al\u00f3 que la implementaci\u00f3n de la pregunta de autoidentificaci\u00f3n es un hecho hist\u00f3rico que mostrar\u00e1 la riqueza y diversidad cultural que tiene el pa\u00eds, conocer mejor las necesidades de la poblaci\u00f3n ind\u00edgena y afroperuana y contribuir\u00e1 a mejorar la toma de decisiones que las afectan.<\/span><\/p>\n<p><strong><span style=\"color: #000000;\">El dato<\/span><\/strong><\/p>\n<p><span style=\"color: #000000;\">Las capacitaciones se realizaron en la facultad de Educaci\u00f3n de la Universidad Inca Garcilaso de la Vega (UIGV) y en la sede del Primer Colegio Nacional Benem\u00e9rito de la Rep\u00fablica Nuestra Se\u00f1ora de Guadalupe, en el Cercado de Lima.<\/span><\/p>\n","protected":false},"excerpt":{"rendered":"<p>Para una correcta aplicaci\u00f3n de la pregunta de autoidentificaci\u00f3n \u00e9tnica el domingo 22 de octubre, m\u00e1s de 600 instructores del INEI fueron capacitados en marco de pr\u00f3ximos censos nacionales Lima, 16 Octubre 2017, (El Informante Per\u00fa).-\u00a0Entre los meses de setiembre y octubre, el Ministerio de Cultura capacit\u00f3 a m\u00e1s de 600 instructores e instructoras del [&hellip;]<\/p>\n","protected":false},"author":1,"featured_media":17053,"comment_status":"open","ping_status":"open","sticky":false,"template":"","format":"standard","meta":{"rop_custom_images_group":[],"rop_custom_messages_group":[],"rop_publish_now":"initial","rop_publish_now_accounts":[],"rop_publish_now_history":[],"rop_publish_now_status":"pending","footnotes":""},"categories":[10],"tags":[1908,2221,105],"class_list":["post-17052","post","type-post","status-publish","format-standard","has-post-thumbnail","hentry","category-actualidad-municipal","tag-censo-nacional-2017","tag-censos-nacionales-2017","tag-ministerio-de-cultura"],"_links":{"self":[{"href":"https:\/\/elinformanteperu.com\/index.php\/wp-json\/wp\/v2\/posts\/17052","targetHints":{"allow":["GET"]}}],"collection":[{"href":"https:\/\/elinformanteperu.com\/index.php\/wp-json\/wp\/v2\/posts"}],"about":[{"href":"https:\/\/elinformanteperu.com\/index.php\/wp-json\/wp\/v2\/types\/post"}],"author":[{"embeddable":true,"href":"https:\/\/elinformanteperu.com\/index.php\/wp-json\/wp\/v2\/users\/1"}],"replies":[{"embeddable":true,"href":"https:\/\/elinformanteperu.com\/index.php\/wp-json\/wp\/v2\/comments?post=17052"}],"version-history":[{"count":2,"href":"https:\/\/elinformanteperu.com\/index.php\/wp-json\/wp\/v2\/posts\/17052\/revisions"}],"predecessor-version":[{"id":17056,"href":"https:\/\/elinformanteperu.com\/index.php\/wp-json\/wp\/v2\/posts\/17052\/revisions\/17056"}],"wp:featuredmedia":[{"embeddable":true,"href":"https:\/\/elinformanteperu.com\/index.php\/wp-json\/wp\/v2\/media\/17053"}],"wp:attachment":[{"href":"https:\/\/elinformanteperu.com\/index.php\/wp-json\/wp\/v2\/media?parent=17052"}],"wp:term":[{"taxonomy":"category","embeddable":true,"href":"https:\/\/elinformanteperu.com\/index.php\/wp-json\/wp\/v2\/categories?post=17052"},{"taxonomy":"post_tag","embeddable":true,"href":"https:\/\/elinformanteperu.com\/index.php\/wp-json\/wp\/v2\/tags?post=17052"}],"curies":[{"name":"wp","href":"https:\/\/api.w.org\/{rel}","templated":true}]}}